{"id":113058,"date":"2021-03-13T10:16:54","date_gmt":"2021-03-13T15:16:54","guid":{"rendered":"https:\/\/linitiative.ca\/International\/50-de-la-production-du-livre-scolaire-accordee-aux-imprimeurs-locaux\/"},"modified":"2021-03-13T10:16:54","modified_gmt":"2021-03-13T15:16:54","slug":"50-de-la-production-du-livre-scolaire-accordee-aux-imprimeurs-locaux","status":"publish","type":"post","link":"https:\/\/linitiative.ca\/International\/50-de-la-production-du-livre-scolaire-accordee-aux-imprimeurs-locaux\/","title":{"rendered":"50% de la production du livre scolaire accord\u00e9e aux imprimeurs locaux"},"content":{"rendered":"<p>Les imprimeurs locaux en avaient marre de disposer d\u2019une kyrielle de structures, et de continuer \u00e0 subir le diktat des imprimeurs \u00e9trangers dans la chaine de production du livre. R\u00e9unis au sein du Groupement interprofessionnel des imprimeurs et arts polygraphiques (Gipiap), une entit\u00e9 mise sur pied pour d\u00e9fendre leurs int\u00e9r\u00eats, ils avaient adress\u00e9 un m\u00e9morandum au premier ministre Chef du gouvernement, Joseph Dion Ngute, au sortir de la premi\u00e8re \u00e9dition du Forum des imprimeurs et des arts polygraphiques (Fiap) qu\u2019ils ont organis\u00e9 en 2019, pour exiger que des parts du march\u00e9 leurs soient r\u00e9serv\u00e9s dans la production. Une requ\u00eate qui a trouv\u00e9 un avis favorable aupr\u00e8s du patron du gouvernement, lequel a recommand\u00e9 au Conseil national d\u2019agr\u00e9ment des manuels scolaires et des mat\u00e9riels didactique (Cnammd), de leur r\u00e9server 50% des parts du march\u00e9 de la production pour le compte de l\u2019ann\u00e9e 2021.<\/p>\n<p><strong>Lire aussi<\/strong> : <strong><a href=\"https:\/\/ecomatin.net\/les-editeurs-camerounais-enrichissent-les-pays-etrangers\/\">Les \u00e9diteurs camerounais enrichissent les pays \u00e9trangers<\/a><\/strong><\/p>\n<p>Avec cet acquis, les imprimeurs r\u00e9fl\u00e9chissent d\u00e9sormais \u00e0 la mise en \u0153uvre effective de la recommandation gouvernementale \u00e0 leur b\u00e9n\u00e9fice, et ont entrepris de mettre sur pied un cluster le 11 mars dernier, avec l\u2019appui de l\u2019Agence des petites et moyennes entreprises (Apme). \u00ab Le maitre d\u2019\u0153uvre doit \u00eatre la confiance ensuite le professionnalisme. La politique du Premier ministre est non seulement de rendre le livre comp\u00e9titif sur le plan financier mais aussi sur le plan qualitatif. Pour y parvenir, il ne faut pas entrer en comp\u00e9tition avec les coll\u00e8gues locaux mais plut\u00f4t avec ceux de l\u2019ext\u00e9rieur. Si nous nous compl\u00e9tons, nous allons r\u00e9ussir. Nous produirons des livres de qualit\u00e9 \u00bb, a confi\u00e9 Fran\u00e7ois Kewou, directeur de la structure \u00ab\u00a0Les grandes Editions Sarl\u00a0\u00bb, au journal Le Jour du vendredi 12 mars 2021.<\/p>\n<p><strong>Lire aussi<\/strong> : <strong><a href=\"https:\/\/ecomatin.net\/livre-scolaire-les-editeurs-locaux-gagnent-75-du-marche\/\">Livre scolaire : les \u00e9diteurs locaux gagnent 75% du march\u00e9<\/a><\/strong><\/p>\n<p>Pour sa part, le directeur g\u00e9n\u00e9ral de l\u2019Apme, Jean Marie Louis Badga, a recommand\u00e9 aux imprimeurs de faire preuve de solidarit\u00e9, de compl\u00e9mentarit\u00e9 et surtout de faire valoir leur technicit\u00e9 pour offrir au Cameroun des manuels scolaires de qualit\u00e9. \u00ab Rares sont les imprimeurs qui peuvent internaliser toutes les comp\u00e9tences technologiques, manag\u00e9riales, techniques pour produire le livre. Mais ensemble, ils ont les comp\u00e9tences pour un cluster vertical ou horizontal qui va permettre \u00e0 ce groupement de produire le livre. C\u2019est cette solidarit\u00e9 qui permettra \u00e0 ce cluster de pouvoir r\u00e9pondre \u00e0 la demande du gouvernement \u00bb, a-t-il recommand\u00e9.<\/p>\n<p><strong>Lire aussi<\/strong> : <strong><a href=\"https:\/\/ecomatin.net\/enseignements-secondaires-les-manuels-vont-changer-pour-les-classes-de-seconde-et-terminales\/\">Enseignements secondaires : les manuels vont changer pour les classes de seconde et terminales<\/a><\/strong><\/p>\n<p>La mise sur pied de ce cluster s\u2019est faite en pr\u00e9lude \u00e0 la deuxi\u00e8me \u00e9dition du Fiap, qui s\u2019est tenue les 12 et 13 mars derniers \u00e0 Yaound\u00e9, et \u00e0 l\u2019occasion, le Gipiap et le Syndicat national des employeurs et industriels d\u2019arts polygraphiques et activit\u00e9s connexes (Syneiapac), co-organisateurs de l\u2019\u00e9v\u00e9nement, ont davantage m\u00fbri la r\u00e9flexion autour du \u00ab\u00a0R\u00f4le de l\u2019imprimerie dans la cha\u00eene du livre au Cameroun\u00a0\u00bb. Selon une enqu\u00eate camerounaise sur les m\u00e9nages (Ecam), r\u00e9alis\u00e9e en 2001 par l\u2019institut national de la statistique (INS), plus de 90% du chiffre d\u2019affaires g\u00e9n\u00e9r\u00e9 par le manuel scolaire sont plut\u00f4t b\u00e9n\u00e9fiques aux entreprises \u00e9trang\u00e8res. Le Cameroun a ainsi d\u00e9bours\u00e9 pr\u00e8s de 80 milliards en 2012 pour les comptes des \u00e9diteurs occidentaux contre 45 milliards en 2009. Il faut cependant pr\u00e9ciser qu\u2019en d\u00e9pit des 50% de la part de production du livre scolaire octroy\u00e9s aux imprimeurs, les co\u00fbts de production ne devraient pas \u00eatre sans incidence sur les prix des manuels. Le Cameroun ne produisant pas localement le papier, les imprimeurs se verront donc oblig\u00e9s d\u2019en importer.<\/p>\n<p><strong>Lire aussi<\/strong> : <strong><a href=\"https:\/\/ecomatin.net\/le-gouvernement-met-75-milliards-de-fcfa-pour-les-ecoles-primaires-publiques\/\">Le gouvernement met 7,5 milliards de FCFA pour les \u00e9coles primaires publiques<\/a><\/strong><\/p>\n<p>Auteur: Yannick KENNE<br \/>\n<a href=\"https:\/\/ecomatin.net\/50-de-la-production-du-livre-scolaire-accordee-aux-imprimeurs-locaux\/\">Cliquez ici pour lire l&rsquo;article depuis sa source.<\/a><\/p>\n","protected":false},"excerpt":{"rendered":"<p>Les imprimeurs locaux en avaient marre de disposer d\u2019une kyrielle de structures, et de continuer \u00e0 subir le diktat des imprimeurs \u00e9trangers dans la chaine de production du livre. R\u00e9unis au sein du Groupement interprofessionnel des imprimeurs et arts polygraphiques (Gipiap), une entit\u00e9 mise sur pied pour d\u00e9fendre leurs int\u00e9r\u00eats, ils avaient adress\u00e9 un m\u00e9morandum [&hellip;]<\/p>\n","protected":false},"author":1969,"featured_media":0,"comment_status":"closed","ping_status":"closed","sticky":false,"template":"","format":"standard","meta":{"fifu_image_url":"","fifu_image_alt":"","footnotes":""},"categories":[82,78],"tags":[],"class_list":["post-113058","post","type-post","status-publish","format-standard","hentry","category-cameroun","category-economie"],"_links":{"self":[{"href":"https:\/\/linitiative.ca\/International\/wp-json\/wp\/v2\/posts\/113058","targetHints":{"allow":["GET"]}}],"collection":[{"href":"https:\/\/linitiative.ca\/International\/wp-json\/wp\/v2\/posts"}],"about":[{"href":"https:\/\/linitiative.ca\/International\/wp-json\/wp\/v2\/types\/post"}],"author":[{"embeddable":true,"href":"https:\/\/linitiative.ca\/International\/wp-json\/wp\/v2\/users\/1969"}],"replies":[{"embeddable":true,"href":"https:\/\/linitiative.ca\/International\/wp-json\/wp\/v2\/comments?post=113058"}],"version-history":[{"count":0,"href":"https:\/\/linitiative.ca\/International\/wp-json\/wp\/v2\/posts\/113058\/revisions"}],"wp:attachment":[{"href":"https:\/\/linitiative.ca\/International\/wp-json\/wp\/v2\/media?parent=113058"}],"wp:term":[{"taxonomy":"category","embeddable":true,"href":"https:\/\/linitiative.ca\/International\/wp-json\/wp\/v2\/categories?post=113058"},{"taxonomy":"post_tag","embeddable":true,"href":"https:\/\/linitiative.ca\/International\/wp-json\/wp\/v2\/tags?post=113058"}],"curies":[{"name":"wp","href":"https:\/\/api.w.org\/{rel}","templated":true}]}}