{"id":113061,"date":"2021-03-13T13:19:19","date_gmt":"2021-03-13T18:19:19","guid":{"rendered":"https:\/\/linitiative.ca\/International\/covid-19-maroc-451-nouveaux-cas-519-guerisons-et-2-morts\/"},"modified":"2021-03-13T13:19:19","modified_gmt":"2021-03-13T18:19:19","slug":"covid-19-maroc-451-nouveaux-cas-519-guerisons-et-2-morts","status":"publish","type":"post","link":"https:\/\/linitiative.ca\/International\/covid-19-maroc-451-nouveaux-cas-519-guerisons-et-2-morts\/","title":{"rendered":"Covid-19 \/ Maroc : 451 nouveaux cas, 519 gu\u00e9risons et 2 morts"},"content":{"rendered":"<header>\n<\/header>\n<div class=\"entry-content clearfix\" readability=\"41\">\n<figure class=\"post-thumbnail\" itemprop=\"associatedMedia\" itemscope=\"itemscope\" itemtype=\"http:\/\/schema.org\/ImageObject\"><img decoding=\"async\" class=\"post_layout_5_img\" src=\"http:\/\/aujourdhui.ma\/wp-content\/uploads\/2021\/03\/vaccin-maroc-anti-covid-19.jpg\" alt=\"Covid-19 \/ Maroc : 451 nouveaux cas, 519 gu\u00e9risons et 2 morts\"\/><\/figure>\n<p><span class=\"c5\"><strong>La situation \u00e9pid\u00e9miologique au 13 mars 2021 \u00e0 18H00<\/strong><\/span><br \/><span id=\"more-370794\"\/><\/p>\n<p>Entre hier \u00e0 18H00 et aujourd\u2019hui \u00e0 18H00<\/p>\n<p>451 nouveaux cas soit un cumul de 488.632cas \u00e0 ce jour.<br \/>519 gu\u00e9risons soit un cumul de 475.457 \u00e0 ce jour.<\/p>\n<p>2 nouveaux d\u00e9c\u00e8s donc un cumul de 8.718 \u00e0 ce jour.<\/p>\n<p><span class=\"c6\"><strong>Nombre de personnes vaccin\u00e9es<\/strong><\/span><\/p>\n<p><strong>1\u00e8re dose :\u00a0<\/strong><span class=\"c6\">4.210.770<\/span><\/p>\n<p><strong>2\u00e8me dose :\u00a0<\/strong><span class=\"c6\">1.471.738<\/span><\/p>\n<p><a href=\"https:http:\/\/aujourdhui.ma\/wp-content\/uploads\/2021\/03\/Coronavirus-13032021_Page_1.jpg\"><img decoding=\"async\" loading=\"lazy\" class=\"alignnone size-full wp-image-370966\" src=\"http:\/\/aujourdhui.ma\/wp-content\/uploads\/2021\/03\/Coronavirus-13032021_Page_1.jpg\" alt=\"\" width=\"1654\" height=\"2339\" srcset=\"http:\/\/aujourdhui.ma\/wp-content\/uploads\/2021\/03\/Coronavirus-13032021_Page_1.jpg 1654w, \/\/aujourdhui.ma\/wp-content\/uploads\/2021\/03\/Coronavirus-13032021_Page_1-212x300.jpg 212w, \/\/aujourdhui.ma\/wp-content\/uploads\/2021\/03\/Coronavirus-13032021_Page_1-724x1024.jpg 724w, \/\/aujourdhui.ma\/wp-content\/uploads\/2021\/03\/Coronavirus-13032021_Page_1-768x1086.jpg 768w, \/\/aujourdhui.ma\/wp-content\/uploads\/2021\/03\/Coronavirus-13032021_Page_1-1086x1536.jpg 1086w, \/\/aujourdhui.ma\/wp-content\/uploads\/2021\/03\/Coronavirus-13032021_Page_1-1448x2048.jpg 1448w\" sizes=\"auto, (max-width: 1654px) 100vw, 1654px\"\/><\/a> <a href=\"https:http:\/\/aujourdhui.ma\/wp-content\/uploads\/2021\/03\/Coronavirus-13032021_Page_2.jpg\"><img decoding=\"async\" loading=\"lazy\" class=\"alignnone size-full wp-image-370967\" src=\"http:\/\/aujourdhui.ma\/wp-content\/uploads\/2021\/03\/Coronavirus-13032021_Page_2.jpg\" alt=\"\" width=\"1654\" height=\"2339\" srcset=\"http:\/\/aujourdhui.ma\/wp-content\/uploads\/2021\/03\/Coronavirus-13032021_Page_2.jpg 1654w, \/\/aujourdhui.ma\/wp-content\/uploads\/2021\/03\/Coronavirus-13032021_Page_2-212x300.jpg 212w, \/\/aujourdhui.ma\/wp-content\/uploads\/2021\/03\/Coronavirus-13032021_Page_2-724x1024.jpg 724w, \/\/aujourdhui.ma\/wp-content\/uploads\/2021\/03\/Coronavirus-13032021_Page_2-768x1086.jpg 768w, \/\/aujourdhui.ma\/wp-content\/uploads\/2021\/03\/Coronavirus-13032021_Page_2-1086x1536.jpg 1086w, \/\/aujourdhui.ma\/wp-content\/uploads\/2021\/03\/Coronavirus-13032021_Page_2-1448x2048.jpg 1448w\" sizes=\"auto, (max-width: 1654px) 100vw, 1654px\"\/><\/a> <a href=\"https:http:\/\/aujourdhui.ma\/wp-content\/uploads\/2021\/03\/Coronavirus-13032021_Page_3.jpg\"><img decoding=\"async\" loading=\"lazy\" class=\"alignnone size-full wp-image-370968\" src=\"http:\/\/aujourdhui.ma\/wp-content\/uploads\/2021\/03\/Coronavirus-13032021_Page_3.jpg\" alt=\"\" width=\"1654\" height=\"2339\" srcset=\"http:\/\/aujourdhui.ma\/wp-content\/uploads\/2021\/03\/Coronavirus-13032021_Page_3.jpg 1654w, \/\/aujourdhui.ma\/wp-content\/uploads\/2021\/03\/Coronavirus-13032021_Page_3-212x300.jpg 212w, \/\/aujourdhui.ma\/wp-content\/uploads\/2021\/03\/Coronavirus-13032021_Page_3-724x1024.jpg 724w, \/\/aujourdhui.ma\/wp-content\/uploads\/2021\/03\/Coronavirus-13032021_Page_3-768x1086.jpg 768w, \/\/aujourdhui.ma\/wp-content\/uploads\/2021\/03\/Coronavirus-13032021_Page_3-1086x1536.jpg 1086w, \/\/aujourdhui.ma\/wp-content\/uploads\/2021\/03\/Coronavirus-13032021_Page_3-1448x2048.jpg 1448w\" sizes=\"auto, (max-width: 1654px) 100vw, 1654px\"\/><\/a> <a href=\"https:http:\/\/aujourdhui.ma\/wp-content\/uploads\/2021\/03\/Coronavirus-13032021_Page_4.jpg\"><img decoding=\"async\" loading=\"lazy\" class=\"alignnone size-full wp-image-370969\" src=\"http:\/\/aujourdhui.ma\/wp-content\/uploads\/2021\/03\/Coronavirus-13032021_Page_4.jpg\" alt=\"\" width=\"1654\" height=\"2339\" srcset=\"http:\/\/aujourdhui.ma\/wp-content\/uploads\/2021\/03\/Coronavirus-13032021_Page_4.jpg 1654w, \/\/aujourdhui.ma\/wp-content\/uploads\/2021\/03\/Coronavirus-13032021_Page_4-212x300.jpg 212w, \/\/aujourdhui.ma\/wp-content\/uploads\/2021\/03\/Coronavirus-13032021_Page_4-724x1024.jpg 724w, \/\/aujourdhui.ma\/wp-content\/uploads\/2021\/03\/Coronavirus-13032021_Page_4-768x1086.jpg 768w, \/\/aujourdhui.ma\/wp-content\/uploads\/2021\/03\/Coronavirus-13032021_Page_4-1086x1536.jpg 1086w, \/\/aujourdhui.ma\/wp-content\/uploads\/2021\/03\/Coronavirus-13032021_Page_4-1448x2048.jpg 1448w\" sizes=\"auto, (max-width: 1654px) 100vw, 1654px\"\/><\/a> <a href=\"https:http:\/\/aujourdhui.ma\/wp-content\/uploads\/2021\/03\/Coronavirus-13032021_Page_5.jpg\"><img decoding=\"async\" loading=\"lazy\" class=\"alignnone size-full wp-image-370970\" src=\"http:\/\/aujourdhui.ma\/wp-content\/uploads\/2021\/03\/Coronavirus-13032021_Page_5.jpg\" alt=\"\" width=\"1654\" height=\"2339\" srcset=\"http:\/\/aujourdhui.ma\/wp-content\/uploads\/2021\/03\/Coronavirus-13032021_Page_5.jpg 1654w, \/\/aujourdhui.ma\/wp-content\/uploads\/2021\/03\/Coronavirus-13032021_Page_5-212x300.jpg 212w, \/\/aujourdhui.ma\/wp-content\/uploads\/2021\/03\/Coronavirus-13032021_Page_5-724x1024.jpg 724w, \/\/aujourdhui.ma\/wp-content\/uploads\/2021\/03\/Coronavirus-13032021_Page_5-768x1086.jpg 768w, \/\/aujourdhui.ma\/wp-content\/uploads\/2021\/03\/Coronavirus-13032021_Page_5-1086x1536.jpg 1086w, \/\/aujourdhui.ma\/wp-content\/uploads\/2021\/03\/Coronavirus-13032021_Page_5-1448x2048.jpg 1448w\" sizes=\"auto, (max-width: 1654px) 100vw, 1654px\"\/><\/a> <a href=\"https:http:\/\/aujourdhui.ma\/wp-content\/uploads\/2021\/03\/Coronavirus-13032021_Page_6.jpg\"><img decoding=\"async\" loading=\"lazy\" class=\"alignnone size-full wp-image-370971\" src=\"http:\/\/aujourdhui.ma\/wp-content\/uploads\/2021\/03\/Coronavirus-13032021_Page_6.jpg\" alt=\"\" width=\"2339\" height=\"1654\" srcset=\"http:\/\/aujourdhui.ma\/wp-content\/uploads\/2021\/03\/Coronavirus-13032021_Page_6.jpg 2339w, \/\/aujourdhui.ma\/wp-content\/uploads\/2021\/03\/Coronavirus-13032021_Page_6-300x212.jpg 300w, \/\/aujourdhui.ma\/wp-content\/uploads\/2021\/03\/Coronavirus-13032021_Page_6-1024x724.jpg 1024w, \/\/aujourdhui.ma\/wp-content\/uploads\/2021\/03\/Coronavirus-13032021_Page_6-768x543.jpg 768w, \/\/aujourdhui.ma\/wp-content\/uploads\/2021\/03\/Coronavirus-13032021_Page_6-1536x1086.jpg 1536w, \/\/aujourdhui.ma\/wp-content\/uploads\/2021\/03\/Coronavirus-13032021_Page_6-2048x1448.jpg 2048w\" sizes=\"auto, (max-width: 2339px) 100vw, 2339px\"\/><\/a><\/p>\n<\/div>\n<p>Auteur: ALM<br \/>\n<a href=\"https:\/\/aujourdhui.ma\/societe\/covid-19-maroc-451-nouveaux-cas-519-guerisons-et-2-morts\">Cliquez ici pour lire l&rsquo;article depuis sa source.<\/a><\/p>\n","protected":false},"excerpt":{"rendered":"<p>La situation \u00e9pid\u00e9miologique au 13 mars 2021 \u00e0 18H00 Entre hier \u00e0 18H00 et aujourd\u2019hui \u00e0 18H00 451 nouveaux cas soit un cumul de 488.632cas \u00e0 ce jour.519 gu\u00e9risons soit un cumul de 475.457 \u00e0 ce jour. 2 nouveaux d\u00e9c\u00e8s donc un cumul de 8.718 \u00e0 ce jour. Nombre de personnes vaccin\u00e9es 1\u00e8re dose :\u00a04.210.770 [&hellip;]<\/p>\n","protected":false},"author":1759,"featured_media":0,"comment_status":"closed","ping_status":"closed","sticky":false,"template":"","format":"standard","meta":{"fifu_image_url":"http:\/\/aujourdhui.ma\/wp-content\/uploads\/2021\/03\/vaccin-maroc-anti-covid-19.jpg","fifu_image_alt":"Covid-19 \/ Maroc : 451 nouveaux cas, 519 gu\u00e9risons et 2 morts","footnotes":""},"categories":[73,54],"tags":[],"class_list":["post-113061","post","type-post","status-publish","format-standard","hentry","category-actualite","category-maroc"],"_links":{"self":[{"href":"https:\/\/linitiative.ca\/International\/wp-json\/wp\/v2\/posts\/113061","targetHints":{"allow":["GET"]}}],"collection":[{"href":"https:\/\/linitiative.ca\/International\/wp-json\/wp\/v2\/posts"}],"about":[{"href":"https:\/\/linitiative.ca\/International\/wp-json\/wp\/v2\/types\/post"}],"author":[{"embeddable":true,"href":"https:\/\/linitiative.ca\/International\/wp-json\/wp\/v2\/users\/1759"}],"replies":[{"embeddable":true,"href":"https:\/\/linitiative.ca\/International\/wp-json\/wp\/v2\/comments?post=113061"}],"version-history":[{"count":0,"href":"https:\/\/linitiative.ca\/International\/wp-json\/wp\/v2\/posts\/113061\/revisions"}],"wp:attachment":[{"href":"https:\/\/linitiative.ca\/International\/wp-json\/wp\/v2\/media?parent=113061"}],"wp:term":[{"taxonomy":"category","embeddable":true,"href":"https:\/\/linitiative.ca\/International\/wp-json\/wp\/v2\/categories?post=113061"},{"taxonomy":"post_tag","embeddable":true,"href":"https:\/\/linitiative.ca\/International\/wp-json\/wp\/v2\/tags?post=113061"}],"curies":[{"name":"wp","href":"https:\/\/api.w.org\/{rel}","templated":true}]}}