{"id":113062,"date":"2021-03-13T16:01:23","date_gmt":"2021-03-13T21:01:23","guid":{"rendered":"https:\/\/linitiative.ca\/International\/dapres-le-think-thank-international-crisis-group-la-reconnaissance-americaine-de-la-marocanite-du-sahara-ne-sera-pas-remise-en-cause-par-biden\/"},"modified":"2021-03-13T16:01:23","modified_gmt":"2021-03-13T21:01:23","slug":"dapres-le-think-thank-international-crisis-group-la-reconnaissance-americaine-de-la-marocanite-du-sahara-ne-sera-pas-remise-en-cause-par-biden","status":"publish","type":"post","link":"https:\/\/linitiative.ca\/International\/dapres-le-think-thank-international-crisis-group-la-reconnaissance-americaine-de-la-marocanite-du-sahara-ne-sera-pas-remise-en-cause-par-biden\/","title":{"rendered":"D\u2019apr\u00e8s le think thank \u00abInternational Crisis Group\u00bb, la reconnaissance am\u00e9ricaine de la marocanit\u00e9 du Sahara ne sera pas remise en cause par Biden"},"content":{"rendered":"<header>\n<\/header>\n<div class=\"entry-content clearfix\" readability=\"60\">\n<figure class=\"post-thumbnail\" itemprop=\"associatedMedia\" itemscope=\"itemscope\" itemtype=\"http:\/\/schema.org\/ImageObject\"><img decoding=\"async\" class=\"post_layout_5_img\" src=\"http:\/\/aujourdhui.ma\/wp-content\/uploads\/2021\/03\/Biden-USA.jpg\" alt=\"D\u2019apr\u00e8s le think thank \u00abInternational Crisis Group\u00bb, la reconnaissance am\u00e9ricaine de la marocanit\u00e9 du Sahara ne sera pas remise en cause par Biden\"\/><\/figure>\n<p><span class=\"c5\"><strong>Selon le think thank \u00ab International Crisis Group\u00bb proche de la nouvelle administration US, le pr\u00e9sident Biden ne reviendra pas sur la reconnaissance par l\u2019administration Trump de la souverainet\u00e9 du Maroc sur le Sahara.<\/strong><\/span><span id=\"more-370973\"\/><\/p>\n<p>Dans un rapport publi\u00e9 r\u00e9cemment, le think thank souligne que Rabat a remport\u00e9 une importante victoire diplomatique le 10 d\u00e9cembre, lorsque le pr\u00e9sident Donald Trump a annonc\u00e9 sur Twitter que les Etats-Unis reconnaissaient officiellement la souverainet\u00e9 du Maroc sur le Sahara.<\/p>\n<p>La m\u00eame source souligne que l\u2019administration Biden aura probablement du mal \u00e0 revenir sur la reconnaissance par les Etats-Unis de la souverainet\u00e9 marocaine sans mettre en p\u00e9ril la relation entre Rabat et Isra\u00ebl.<\/p>\n<p>D\u2019apr\u00e8s ce rapport, les puissances \u00e9trang\u00e8res devraient prendre deux mesures d\u2019apaisement. Premi\u00e8rement, l\u2019ONU devrait nommer un nouvel envoy\u00e9 sp\u00e9cial au Sahara, un poste laiss\u00e9 vacant depuis pr\u00e8s de deux ans. Deuxi\u00e8mement, Washington devrait s\u2019efforcer d\u2019encourager une d\u00e9sescalade et de relancer les pourparlers politiques.<\/p>\n<p>Et de poursuivre que \u00ab la faible intensit\u00e9 du conflit ne peut pas justifier l\u2019inaction. Le risque d\u2019une escalade militaire progressive, limit\u00e9 mais tangible, d\u00e9stabiliserait encore davantage l\u2019Afrique du Nord et le Sahel \u00bb.<\/p>\n<\/div>\n<p>Auteur: ALM<br \/>\n<a href=\"https:\/\/aujourdhui.ma\/actualite\/dapres-le-think-thank-international-crisis-group-la-reconnaissance-americaine-de-la-marocanite-du-sahara-ne-sera-pas-remise-en-cause-par-biden\">Cliquez ici pour lire l&rsquo;article depuis sa source.<\/a><\/p>\n","protected":false},"excerpt":{"rendered":"<p>Selon le think thank \u00ab International Crisis Group\u00bb proche de la nouvelle administration US, le pr\u00e9sident Biden ne reviendra pas sur la reconnaissance par l\u2019administration Trump de la souverainet\u00e9 du Maroc sur le Sahara. Dans un rapport publi\u00e9 r\u00e9cemment, le think thank souligne que Rabat a remport\u00e9 une importante victoire diplomatique le 10 d\u00e9cembre, lorsque [&hellip;]<\/p>\n","protected":false},"author":1759,"featured_media":0,"comment_status":"closed","ping_status":"closed","sticky":false,"template":"","format":"standard","meta":{"fifu_image_url":"http:\/\/aujourdhui.ma\/wp-content\/uploads\/2021\/03\/Biden-USA.jpg","fifu_image_alt":"D\u2019apr\u00e8s le think thank \u00abInternational Crisis Group\u00bb, la reconnaissance am\u00e9ricaine de la marocanit\u00e9 du Sahara ne sera pas remise en cause par Biden","footnotes":""},"categories":[73,54],"tags":[],"class_list":["post-113062","post","type-post","status-publish","format-standard","hentry","category-actualite","category-maroc"],"_links":{"self":[{"href":"https:\/\/linitiative.ca\/International\/wp-json\/wp\/v2\/posts\/113062","targetHints":{"allow":["GET"]}}],"collection":[{"href":"https:\/\/linitiative.ca\/International\/wp-json\/wp\/v2\/posts"}],"about":[{"href":"https:\/\/linitiative.ca\/International\/wp-json\/wp\/v2\/types\/post"}],"author":[{"embeddable":true,"href":"https:\/\/linitiative.ca\/International\/wp-json\/wp\/v2\/users\/1759"}],"replies":[{"embeddable":true,"href":"https:\/\/linitiative.ca\/International\/wp-json\/wp\/v2\/comments?post=113062"}],"version-history":[{"count":0,"href":"https:\/\/linitiative.ca\/International\/wp-json\/wp\/v2\/posts\/113062\/revisions"}],"wp:attachment":[{"href":"https:\/\/linitiative.ca\/International\/wp-json\/wp\/v2\/media?parent=113062"}],"wp:term":[{"taxonomy":"category","embeddable":true,"href":"https:\/\/linitiative.ca\/International\/wp-json\/wp\/v2\/categories?post=113062"},{"taxonomy":"post_tag","embeddable":true,"href":"https:\/\/linitiative.ca\/International\/wp-json\/wp\/v2\/tags?post=113062"}],"curies":[{"name":"wp","href":"https:\/\/api.w.org\/{rel}","templated":true}]}}