{"id":113063,"date":"2021-03-14T09:32:53","date_gmt":"2021-03-14T13:32:53","guid":{"rendered":"https:\/\/linitiative.ca\/International\/raid-solidaire-sahraouiya-cest-parti\/"},"modified":"2021-03-14T09:32:53","modified_gmt":"2021-03-14T13:32:53","slug":"raid-solidaire-sahraouiya-cest-parti","status":"publish","type":"post","link":"https:\/\/linitiative.ca\/International\/raid-solidaire-sahraouiya-cest-parti\/","title":{"rendered":"Raid solidaire \u00abSahraouiya\u00bb: C\u2019est parti !"},"content":{"rendered":"<header>\n<\/header>\n<div class=\"entry-content clearfix\" readability=\"61\">\n<figure class=\"post-thumbnail\" itemprop=\"associatedMedia\" itemscope=\"itemscope\" itemtype=\"http:\/\/schema.org\/ImageObject\"><img decoding=\"async\" class=\"post_layout_5_img\" src=\"http:\/\/aujourdhui.ma\/wp-content\/uploads\/2021\/03\/Le-coup-denvoi-officiel-de-la-7eme-edition-du-raid-sportif-solidaire-au-feminin-Sahraouiya-a-ete-donne-dimanche-a-Dakhla..jpg\" alt=\"Raid solidaire \u00abSahraouiya\u00bb: C\u2019est parti !\"\/><\/figure>\n<p><strong>Le coup d\u2019envoi officiel de la 7\u00e8me \u00e9dition du raid sportif solidaire au f\u00e9minin \u00ab\u00a0Sahraouiya\u00a0\u00bb a \u00e9t\u00e9 donn\u00e9 dimanche \u00e0 Dakhla.<\/strong><span id=\"more-370989\"\/><br \/>Organis\u00e9e par l\u2019association \u00ab\u00a0Lagon Dakhla pour le d\u00e9veloppement du sport et l\u2019animation culturelle\u00a0\u00bb et le groupe Dakhla Attitude, ce challenge sportif 100% f\u00e9minin, qui se poursuit jusqu\u2019au 20 mars, r\u00e9unit cette ann\u00e9e des \u00e9quipes de diff\u00e9rentes r\u00e9gions du Maroc, mais \u00e9galement du continent africain et de l\u2019Europe. S\u2019exprimant \u00e0 cette occasion, la pr\u00e9sidente de l\u2019Association \u00ab\u00a0Lagon Dakhla\u00a0\u00bb et co-organisatrice de \u00ab\u00a0Sahraouiya\u00a0\u00bb, Laila Ouachi, a affirm\u00e9 dans une d\u00e9claration \u00e0 la MAP que l\u2019\u00e9dition de cette ann\u00e9e se d\u00e9roule dans des \u00ab\u00a0conditions assez sp\u00e9ciales\u00a0\u00bb, vu le contexte de la pand\u00e9mie de covid-19, ajoutant que cet \u00e9v\u00e9nement se tient dans le respect strict des mesures sanitaires impos\u00e9es.<\/p>\n<p>Cette \u00e9dition conna\u00eet la participation de 35 \u00e9quipes, venues des diff\u00e9rentes r\u00e9gions du Maroc, de pays africains et de l\u2019Europe, a pr\u00e9cis\u00e9 Mme Ouachi, notant que les participantes \u00ab\u00a0iront tout au long de la comp\u00e9tition \u00e0 la d\u00e9couverte de la ville extraordinaire de Dakhla, afin de soutenir les causes de la solidarit\u00e9 et l\u2019empathie\u00a0\u00bb. Elle a relev\u00e9, \u00e0 cet \u00e9gard, que Sahraouiya contribue encore plus au rayonnement de la belle ville de Dakhla et vise \u00e0 soutenir des associations qui viennent en aide aux femmes et \u00e0 l\u2019enfance, notamment \u00ab\u00a0Solidarit\u00e9 f\u00e9minine\u00a0\u00bb et \u00ab\u00a0Ruban rose\u00a0\u00bb. \u00ab\u00a0Ce sont des femmes venues de divers horizons pour une seule et m\u00eame cause : le d\u00e9passement de soi et la solidarit\u00e9 f\u00e9minine\u00a0\u00bb, a-t-elle fait valoir, indiquant que cette exp\u00e9rience \u00ab\u00a0se passe dans une tr\u00e8s bonne ambiance et marquera \u00e0 jamais les esprits des participantes\u00a0\u00bb. Initi\u00e9 sous le Haut patronage de SM le Roi Mohammed VI, le raid \u00ab\u00a0Sahraouiya\u00a0\u00bb s\u2019inscrit dans la continuit\u00e9 de la promotion des valeurs de solidarit\u00e9, \u00e0 travers une comp\u00e9tition qui marque toutes celles qui en vivent l\u2019exp\u00e9rience.<\/p>\n<\/div>\n<p>Auteur: ALM<br \/>\n<a href=\"https:\/\/aujourdhui.ma\/actualite\/raid-solidaire-sahraouiya-cest-parti\">Cliquez ici pour lire l&rsquo;article depuis sa source.<\/a><\/p>\n","protected":false},"excerpt":{"rendered":"<p>Le coup d\u2019envoi officiel de la 7\u00e8me \u00e9dition du raid sportif solidaire au f\u00e9minin \u00ab\u00a0Sahraouiya\u00a0\u00bb a \u00e9t\u00e9 donn\u00e9 dimanche \u00e0 Dakhla.Organis\u00e9e par l\u2019association \u00ab\u00a0Lagon Dakhla pour le d\u00e9veloppement du sport et l\u2019animation culturelle\u00a0\u00bb et le groupe Dakhla Attitude, ce challenge sportif 100% f\u00e9minin, qui se poursuit jusqu\u2019au 20 mars, r\u00e9unit cette ann\u00e9e des \u00e9quipes de [&hellip;]<\/p>\n","protected":false},"author":1759,"featured_media":0,"comment_status":"closed","ping_status":"closed","sticky":false,"template":"","format":"standard","meta":{"fifu_image_url":"http:\/\/aujourdhui.ma\/wp-content\/uploads\/2021\/03\/Le-coup-denvoi-officiel-de-la-7eme-edition-du-raid-sportif-solidaire-au-feminin-Sahraouiya-a-ete-donne-dimanche-a-Dakhla..jpg","fifu_image_alt":"Raid solidaire \u00abSahraouiya\u00bb: C\u2019est parti !","footnotes":""},"categories":[73,54],"tags":[],"class_list":["post-113063","post","type-post","status-publish","format-standard","hentry","category-actualite","category-maroc"],"_links":{"self":[{"href":"https:\/\/linitiative.ca\/International\/wp-json\/wp\/v2\/posts\/113063","targetHints":{"allow":["GET"]}}],"collection":[{"href":"https:\/\/linitiative.ca\/International\/wp-json\/wp\/v2\/posts"}],"about":[{"href":"https:\/\/linitiative.ca\/International\/wp-json\/wp\/v2\/types\/post"}],"author":[{"embeddable":true,"href":"https:\/\/linitiative.ca\/International\/wp-json\/wp\/v2\/users\/1759"}],"replies":[{"embeddable":true,"href":"https:\/\/linitiative.ca\/International\/wp-json\/wp\/v2\/comments?post=113063"}],"version-history":[{"count":0,"href":"https:\/\/linitiative.ca\/International\/wp-json\/wp\/v2\/posts\/113063\/revisions"}],"wp:attachment":[{"href":"https:\/\/linitiative.ca\/International\/wp-json\/wp\/v2\/media?parent=113063"}],"wp:term":[{"taxonomy":"category","embeddable":true,"href":"https:\/\/linitiative.ca\/International\/wp-json\/wp\/v2\/categories?post=113063"},{"taxonomy":"post_tag","embeddable":true,"href":"https:\/\/linitiative.ca\/International\/wp-json\/wp\/v2\/tags?post=113063"}],"curies":[{"name":"wp","href":"https:\/\/api.w.org\/{rel}","templated":true}]}}