{"id":113066,"date":"2021-03-14T13:06:55","date_gmt":"2021-03-14T17:06:55","guid":{"rendered":"https:\/\/linitiative.ca\/International\/action-caritative-au-profit-des-ecoliers-dans-la-commune-dait-daoud\/"},"modified":"2021-03-14T13:06:55","modified_gmt":"2021-03-14T17:06:55","slug":"action-caritative-au-profit-des-ecoliers-dans-la-commune-dait-daoud","status":"publish","type":"post","link":"https:\/\/linitiative.ca\/International\/action-caritative-au-profit-des-ecoliers-dans-la-commune-dait-daoud\/","title":{"rendered":"Action caritative au profit des \u00e9coliers dans la commune d\u2019A\u00eft Daoud"},"content":{"rendered":"<div readability=\"39\">\n<p>Essaouira \u2013 Un groupe de jeunes souiris membres de l\u2019Association \u00ab\u00a0Moga\u2019Jeunes\u00a0\u00bb, a men\u00e9, vendredi, dans la commune rurale de A\u00eft Daoud, relevant de la province d\u2019Essaouira, une action caritative et solidaire au profit des \u00e9coliers issus de cette collectivit\u00e9 territoriale.<\/p>\n<\/div>\n<div readability=\"127\">\n<p>Dans une ambiance chaleureuse et conviviale, des jeunes de cette association ont ainsi proc\u00e9d\u00e9 \u00e0 la distribution de lots de v\u00eatements et de jouets aux \u00e9coli\u00e8res et \u00e9coliers du groupe scolaire \u00ab\u00a0Tament\u00a0\u00bb, collect\u00e9s gr\u00e2ce \u00e0 divers dons.<\/p>\n<p>Initi\u00e9e en partenariat avec l\u2019association \u00ab\u00a0Marocains Pluriels\u00a0\u00bb, cette op\u00e9ration humaine et de bienfaisance, qui s\u2019est d\u00e9roul\u00e9e dans le strict respect des mesures pr\u00e9ventives et de pr\u00e9caution pour contenir la propagation de la pand\u00e9mie de la Covid-19, intervient dans le sillage des multiples initiatives \u00e0 caract\u00e8re social men\u00e9es par l\u2019Association \u00ab\u00a0Moga\u2019Jeunes\u00a0\u00bb en vue de venir en aide aux cat\u00e9gories vuln\u00e9rables en milieu rural et dans les zones enclav\u00e9es.<\/p>\n<p>Cette op\u00e9ration visait aussi \u00e0 promouvoir et \u00e0 ancrer les valeurs d\u2019entraide, de solidarit\u00e9, de civisme sinc\u00e8re et de citoyennet\u00e9 effective \u00e0 l\u2019\u00e9chelle locale.<\/p>\n<p>A cette occasion, les \u00e9l\u00e8ves et le directeur de l\u2019\u00e9tablissement scolaire ont tenu \u00e0 exprimer leur profonde gratitude et leurs vifs remerciements aux associations \u00ab\u00a0Moga\u2019Jeunes\u00a0\u00bb, initiatrice de cette action, et \u00ab\u00a0Marocains Pluriels\u00a0\u00bb pour ce noble geste tr\u00e8s louable.<\/p>\n<p>Dans une d\u00e9claration \u00e0 la MAP, le pr\u00e9sident de l\u2019association \u00ab\u00a0Moga\u2019Jeunes\u00a0\u00bb, Otmane Mazzine, s\u2019est f\u00e9licit\u00e9 de l\u2019organisation de cette initiative malgr\u00e9 cette conjoncture exceptionnelle induite par la pand\u00e9mie de la Covid-19, tout en saluant l\u2019engagement sans failles des membres de l\u2019association et de ses partenaires pour la r\u00e9ussite de cette op\u00e9ration.<\/p>\n<p>\u00ab\u00a0Cette action ne pouvait aboutir \u00e9galement sans la contribution des donateurs et autres partenaires qui nous ont envoy\u00e9 des lots de v\u00eatements et de jouets pour nous aider \u00e0 apporter de la joie et de l\u2019espoir \u00e0 ces enfants et \u00e0 dessiner le sourire sur les visages des \u00e9coliers et \u00e9coli\u00e8res \u00e0 A\u00eft Daoud\u00a0\u00bb, s\u2019est-il r\u00e9joui, soulignant que ce genre d\u2019actions est \u00e0 multiplier \u00e0 l\u2019adresse des enfants n\u00e9cessiteux surtout dans le monde rural et les zones \u00e9loign\u00e9es.<\/p>\n<p>Et d\u2019ajouter que cette op\u00e9ration, comme d\u2019autres men\u00e9es auparavant au profit des \u00e9l\u00e8ves dans cet \u00e9tablissement scolaire, illustre cet engagement infaillible de l\u2019Association \u00ab\u00a0Moga\u2019Jeunes\u00a0\u00bb \u00e0 faire des valeurs de citoyennet\u00e9 et de solidarit\u00e9 \u00e0 l\u2019\u00e9gard des populations d\u00e9munies, notamment en milieu rural, ainsi que du travail de proximit\u00e9 et de terrain les fondements de son action de tous les jours.<\/p>\n<p>\u00ab\u00a0Cette action men\u00e9e par Moga\u2019Jeunes n\u2019est qu\u2019un nouvel exemple des multiples op\u00e9rations qu\u2019ils ont d\u00e9j\u00e0 organis\u00e9es depuis une ann\u00e9e- d\u00e9but de la pand\u00e9mie- sur le terrain, et qui marient solidarit\u00e9, empathie, sensibilisation contre la Covid-19, distribution de masques, soutien aux \u00e9l\u00e8ves\u2026 etc\u00a0\u00bb, a affirm\u00e9, pour sa part, le pr\u00e9sident de l\u2019association \u00ab\u00a0Marocains Pluriels\u00a0\u00bb, Ahmed Ghayat.<\/p>\n<p>Dans une d\u00e9claration similaire, il a relev\u00e9 que ces jeunes souiris, comme leurs compatriotes dans d\u2019autres associations \u00e0 travers le Royaume, constituent \u00ab\u00a0le fer de lance d\u2019une jeunesse mobilis\u00e9e \u00e0 travers tout le pays\u00a0\u00bb, ajoutant que \u00ab\u00a0leur atout est la connaissance du terrain : ils agissent depuis des ann\u00e9es au c\u0153ur des quartiers et des communes rurales\u00a0\u00bb.<\/p>\n<p>\u00ab\u00a0Les galons de l\u2019engagement associatif se gagnent sans conteste sur le terrain, au contact de nos compatriotes, dans la r\u00e9alisation concr\u00e8te d\u2019actions, l\u00e0 o\u00f9 l\u2019on donne tout ce que l\u2019on porte en soi\u00a0\u00bb, a soutenu M. Ghayat, tout en saluant les membres de \u00ab\u00a0Moga\u2019Jeunes\u00a0\u00bb qui \u00ab\u00a0ont choisi cette voie difficile, prenante mais tellement valorisante\u00a0\u00bb.<\/p>\n<p>\u00ab\u00a0Que les sourires de ces \u00e9coli\u00e8res et \u00e9coliers et la mobilisation de Moga\u2019Jeunes pour r\u00e9ussir cette op\u00e9ration, malgr\u00e9 cette conjoncture difficile, en signe de solidarit\u00e9 avec des enfants de la g\u00e9n\u00e9ration suivante, puissent donner l\u2019envie, la motivation et le courage \u00e0 d\u2019autres jeunes en vue de s\u2019engager, \u00e0 leur tour, dans l\u2019action associative \u00e0 l\u2019\u00e9chelle locale\u00a0\u00bb, a-t-il conclu.<\/p>\n<\/div>\n<p>Auteur: Meriem IGASS<br \/>\n<a href=\"http:\/\/www.mapmarrakech.ma\/fr\/action-caritative-au-profit-des-ecoliers-dans-la-commune-dait-daoud\/\">Cliquez ici pour lire l&rsquo;article depuis sa source.<\/a><\/p>\n","protected":false},"excerpt":{"rendered":"<p>Essaouira \u2013 Un groupe de jeunes souiris membres de l\u2019Association \u00ab\u00a0Moga\u2019Jeunes\u00a0\u00bb, a men\u00e9, vendredi, dans la commune rurale de A\u00eft Daoud, relevant de la province d\u2019Essaouira, une action caritative et solidaire au profit des \u00e9coliers issus de cette collectivit\u00e9 territoriale. Dans une ambiance chaleureuse et conviviale, des jeunes de cette association ont ainsi proc\u00e9d\u00e9 \u00e0 [&hellip;]<\/p>\n","protected":false},"author":1788,"featured_media":0,"comment_status":"closed","ping_status":"closed","sticky":false,"template":"","format":"standard","meta":{"fifu_image_url":"","fifu_image_alt":"","footnotes":""},"categories":[54,76],"tags":[],"class_list":["post-113066","post","type-post","status-publish","format-standard","hentry","category-maroc","category-regions"],"_links":{"self":[{"href":"https:\/\/linitiative.ca\/International\/wp-json\/wp\/v2\/posts\/113066","targetHints":{"allow":["GET"]}}],"collection":[{"href":"https:\/\/linitiative.ca\/International\/wp-json\/wp\/v2\/posts"}],"about":[{"href":"https:\/\/linitiative.ca\/International\/wp-json\/wp\/v2\/types\/post"}],"author":[{"embeddable":true,"href":"https:\/\/linitiative.ca\/International\/wp-json\/wp\/v2\/users\/1788"}],"replies":[{"embeddable":true,"href":"https:\/\/linitiative.ca\/International\/wp-json\/wp\/v2\/comments?post=113066"}],"version-history":[{"count":0,"href":"https:\/\/linitiative.ca\/International\/wp-json\/wp\/v2\/posts\/113066\/revisions"}],"wp:attachment":[{"href":"https:\/\/linitiative.ca\/International\/wp-json\/wp\/v2\/media?parent=113066"}],"wp:term":[{"taxonomy":"category","embeddable":true,"href":"https:\/\/linitiative.ca\/International\/wp-json\/wp\/v2\/categories?post=113066"},{"taxonomy":"post_tag","embeddable":true,"href":"https:\/\/linitiative.ca\/International\/wp-json\/wp\/v2\/tags?post=113066"}],"curies":[{"name":"wp","href":"https:\/\/api.w.org\/{rel}","templated":true}]}}