{"id":113069,"date":"2021-03-14T13:57:02","date_gmt":"2021-03-14T17:57:02","guid":{"rendered":"https:\/\/linitiative.ca\/International\/appel-a-ne-pas-se-rendre-aux-centres-de-vaccination-sans-rendez-vous\/"},"modified":"2021-03-14T13:57:02","modified_gmt":"2021-03-14T17:57:02","slug":"appel-a-ne-pas-se-rendre-aux-centres-de-vaccination-sans-rendez-vous","status":"publish","type":"post","link":"https:\/\/linitiative.ca\/International\/appel-a-ne-pas-se-rendre-aux-centres-de-vaccination-sans-rendez-vous\/","title":{"rendered":"Appel \u00e0 ne pas se rendre aux centres de vaccination sans rendez-vous"},"content":{"rendered":"<div class=\"single-featured\"><img alt=\"\" data-src=\"http:\/\/www.mapmarrakech.ma\/map\/uploads\/2019\/02\/Ministere-Sante.jpg\"\/><\/div>\n<div class=\"single-post-excerpt post-excerpt-bc\" readability=\"35\">\n<p>Le minist\u00e8re de la Sant\u00e9 a appel\u00e9 les citoyens n\u2019ayant pas pu se faire vacciner \u00e0 temps contre la Covid-19, \u00e0 \u00e9viter de se rendre aux centres de vaccination et d\u2019attendre un nouveau rendez-vous \u00e0 cet effet.<\/p>\n<\/div>\n<div class=\"entry-content clearfix single-post-content\" readability=\"39\">\n<p>Le minist\u00e8re a \u00e9galement insist\u00e9, dans un communiqu\u00e9 publi\u00e9 dimanche, sur la n\u00e9cessit\u00e9 du respect des mesures sanitaires, notamment le port de masque de protection, la distanciation sociale ou encore le lavage fr\u00e9quent des mains, en vue d\u2019atteindre l\u2019immunit\u00e9 collective.<\/p>\n<\/div>\n<p>Auteur: Meriem IGASS<br \/>\n<a href=\"http:\/\/www.mapmarrakech.ma\/fr\/appel-a-ne-pas-se-rendre-aux-centres-de-vaccination-sans-rendez-vous\/\">Cliquez ici pour lire l&rsquo;article depuis sa source.<\/a><\/p>\n","protected":false},"excerpt":{"rendered":"<p>Le minist\u00e8re de la Sant\u00e9 a appel\u00e9 les citoyens n\u2019ayant pas pu se faire vacciner \u00e0 temps contre la Covid-19, \u00e0 \u00e9viter de se rendre aux centres de vaccination et d\u2019attendre un nouveau rendez-vous \u00e0 cet effet. Le minist\u00e8re a \u00e9galement insist\u00e9, dans un communiqu\u00e9 publi\u00e9 dimanche, sur la n\u00e9cessit\u00e9 du respect des mesures sanitaires, [&hellip;]<\/p>\n","protected":false},"author":1788,"featured_media":0,"comment_status":"closed","ping_status":"closed","sticky":false,"template":"","format":"standard","meta":{"fifu_image_url":"http:\/\/www.mapmarrakech.ma\/map\/uploads\/2019\/02\/Ministere-Sante.jpg","fifu_image_alt":"Appel \u00e0 ne pas se rendre aux centres de vaccination sans rendez-vous","footnotes":""},"categories":[54,76],"tags":[],"class_list":["post-113069","post","type-post","status-publish","format-standard","hentry","category-maroc","category-regions"],"_links":{"self":[{"href":"https:\/\/linitiative.ca\/International\/wp-json\/wp\/v2\/posts\/113069","targetHints":{"allow":["GET"]}}],"collection":[{"href":"https:\/\/linitiative.ca\/International\/wp-json\/wp\/v2\/posts"}],"about":[{"href":"https:\/\/linitiative.ca\/International\/wp-json\/wp\/v2\/types\/post"}],"author":[{"embeddable":true,"href":"https:\/\/linitiative.ca\/International\/wp-json\/wp\/v2\/users\/1788"}],"replies":[{"embeddable":true,"href":"https:\/\/linitiative.ca\/International\/wp-json\/wp\/v2\/comments?post=113069"}],"version-history":[{"count":0,"href":"https:\/\/linitiative.ca\/International\/wp-json\/wp\/v2\/posts\/113069\/revisions"}],"wp:attachment":[{"href":"https:\/\/linitiative.ca\/International\/wp-json\/wp\/v2\/media?parent=113069"}],"wp:term":[{"taxonomy":"category","embeddable":true,"href":"https:\/\/linitiative.ca\/International\/wp-json\/wp\/v2\/categories?post=113069"},{"taxonomy":"post_tag","embeddable":true,"href":"https:\/\/linitiative.ca\/International\/wp-json\/wp\/v2\/tags?post=113069"}],"curies":[{"name":"wp","href":"https:\/\/api.w.org\/{rel}","templated":true}]}}