{"id":113070,"date":"2021-03-13T17:53:27","date_gmt":"2021-03-13T22:53:27","guid":{"rendered":"https:\/\/linitiative.ca\/International\/publication-dun-communique-sur-une-suspension-des-cours-le-dementi-du-men\/"},"modified":"2021-03-13T17:53:27","modified_gmt":"2021-03-13T22:53:27","slug":"publication-dun-communique-sur-une-suspension-des-cours-le-dementi-du-men","status":"publish","type":"post","link":"https:\/\/linitiative.ca\/International\/publication-dun-communique-sur-une-suspension-des-cours-le-dementi-du-men\/","title":{"rendered":"Publication d\u2019un communiqu\u00e9 sur une suspension des cours: Le d\u00e9menti du MEN"},"content":{"rendered":"<div class=\"single-featured\"><img alt=\"\" data-src=\"http:\/\/www.mapoujda.ma\/map\/uploads\/2021\/03\/Si\u00e8ge-Minist\u00e8re-de-l\u2019\u00c9ducation-Nationale-750\u00d7430-MAP.jpg\"\/><\/div>\n<div class=\"entry-content clearfix single-post-content\" readability=\"58\">\n<p class=\"c4\">Le minist\u00e8re de l\u2019Education nationale, de la Formation professionnelle, de l\u2019Enseignement sup\u00e9rieur et de la Recherche scientifique a d\u00e9menti, samedi, la publication d\u2019un communiqu\u00e9 faisant \u00e9tat d\u2019une suspension des cours \u00e0 partir du 16 mars et jusqu\u2019\u00e0 nouvel ordre.<\/p>\n<p class=\"c4\">Dans une mise au point, le minist\u00e8re a cat\u00e9goriquement d\u00e9menti le faux communiqu\u00e9 qui lui est attribu\u00e9 et qui all\u00e8gue que les \u00e9tudes seront suspendues pour tous les niveaux et fili\u00e8res \u00e0 partir du 16 mars et jusqu\u2019\u00e0 nouvel ordre, rappelant, \u00e0 cet \u00e9gard, les \u00e9l\u00e8ves et leurs parents que les vacances scolaires s\u2019\u00e9tendront du dimanche 14 mars au dimanche 21 mars.<\/p>\n<p class=\"c4\">La reprise des cours est, donc, pr\u00e9vue pour le lundi 22 mars 2021, pr\u00e9cise-t-on.<\/p>\n<p class=\"c4\">Enfin, le minist\u00e8re appelle \u00e0 ne donner aucun cr\u00e9dit \u00e0 ce genre de fake news qui font partie des actes punissables conform\u00e9ment \u00e0 la loi et \u00e0 s\u2019assurer de la v\u00e9racit\u00e9 des informations du d\u00e9partement, en consultant son site web et ses pages officielles sur les r\u00e9seaux sociaux.<\/p>\n<\/div>\n<p>Auteur: Soufiane ELAHMAR<br \/>\n<a href=\"http:\/\/www.mapoujda.ma\/fr\/publication-dun-communique-sur-une-suspension-des-cours-le-dementi-du-men\/\">Cliquez ici pour lire l&rsquo;article depuis sa source.<\/a><\/p>\n","protected":false},"excerpt":{"rendered":"<p>Le minist\u00e8re de l\u2019Education nationale, de la Formation professionnelle, de l\u2019Enseignement sup\u00e9rieur et de la Recherche scientifique a d\u00e9menti, samedi, la publication d\u2019un communiqu\u00e9 faisant \u00e9tat d\u2019une suspension des cours \u00e0 partir du 16 mars et jusqu\u2019\u00e0 nouvel ordre. Dans une mise au point, le minist\u00e8re a cat\u00e9goriquement d\u00e9menti le faux communiqu\u00e9 qui lui est [&hellip;]<\/p>\n","protected":false},"author":1788,"featured_media":0,"comment_status":"closed","ping_status":"closed","sticky":false,"template":"","format":"standard","meta":{"fifu_image_url":"http:\/\/www.mapoujda.ma\/map\/uploads\/2021\/03\/Si\u00e8ge-Minist\u00e8re-de-l\u2019\u00c9ducation-Nationale-750\u00d7430-MAP.jpg","fifu_image_alt":"Publication d\u2019un communiqu\u00e9 sur une suspension des cours: Le d\u00e9menti du MEN","footnotes":""},"categories":[54,76],"tags":[],"class_list":["post-113070","post","type-post","status-publish","format-standard","hentry","category-maroc","category-regions"],"_links":{"self":[{"href":"https:\/\/linitiative.ca\/International\/wp-json\/wp\/v2\/posts\/113070","targetHints":{"allow":["GET"]}}],"collection":[{"href":"https:\/\/linitiative.ca\/International\/wp-json\/wp\/v2\/posts"}],"about":[{"href":"https:\/\/linitiative.ca\/International\/wp-json\/wp\/v2\/types\/post"}],"author":[{"embeddable":true,"href":"https:\/\/linitiative.ca\/International\/wp-json\/wp\/v2\/users\/1788"}],"replies":[{"embeddable":true,"href":"https:\/\/linitiative.ca\/International\/wp-json\/wp\/v2\/comments?post=113070"}],"version-history":[{"count":0,"href":"https:\/\/linitiative.ca\/International\/wp-json\/wp\/v2\/posts\/113070\/revisions"}],"wp:attachment":[{"href":"https:\/\/linitiative.ca\/International\/wp-json\/wp\/v2\/media?parent=113070"}],"wp:term":[{"taxonomy":"category","embeddable":true,"href":"https:\/\/linitiative.ca\/International\/wp-json\/wp\/v2\/categories?post=113070"},{"taxonomy":"post_tag","embeddable":true,"href":"https:\/\/linitiative.ca\/International\/wp-json\/wp\/v2\/tags?post=113070"}],"curies":[{"name":"wp","href":"https:\/\/api.w.org\/{rel}","templated":true}]}}