{"id":113076,"date":"2021-03-14T08:06:19","date_gmt":"2021-03-14T12:06:19","guid":{"rendered":"https:\/\/linitiative.ca\/International\/fnideq-une-zone-industrielle-en-gestation\/"},"modified":"2021-03-14T08:06:19","modified_gmt":"2021-03-14T12:06:19","slug":"fnideq-une-zone-industrielle-en-gestation","status":"publish","type":"post","link":"https:\/\/linitiative.ca\/International\/fnideq-une-zone-industrielle-en-gestation\/","title":{"rendered":"Fnideq: Une zone industrielle en gestation"},"content":{"rendered":"<p class=\"rtejustify\">Une zone industrielle verra prochainement le jour \u00e0 Fnideq. L\u2019annonce a \u00e9t\u00e9 faite par Mohamed Mhidia, le wali de la r\u00e9gion lors d\u2019une r\u00e9union avec les op\u00e9rateurs \u00e9conomiques de la r\u00e9gion la semaine derni\u00e8re. La zone s\u2019\u00e9tendra, selon les premiers \u00e9l\u00e9ments sur une quinzaine d\u2019hectares. D\u2019ores et d\u00e9j\u00e0, il est pr\u00e9vu qu\u2019elle accueille trois grandes usines, deux dans le secteur du textile et une troisi\u00e8me dans celui de l\u2019agroalimentaire. La zone ciblera en priorit\u00e9, la cr\u00e9ation de postes d\u2019emploi pour les populations vuln\u00e9rables de la localit\u00e9: femmes et jeunes.<\/p>\n<p class=\"rtejustify\"><em>A.A.<\/em><\/p>\n<p>Auteur: hgueye<br \/>\n<a href=\"https:\/\/www.leconomiste.com\/flash-infos\/fnideq-une-zone-industrielle-en-gestation\">Cliquez ici pour lire l&rsquo;article depuis sa source.<\/a><\/p>\n","protected":false},"excerpt":{"rendered":"<p>Une zone industrielle verra prochainement le jour \u00e0 Fnideq. L\u2019annonce a \u00e9t\u00e9 faite par Mohamed Mhidia, le wali de la r\u00e9gion lors d\u2019une r\u00e9union avec les op\u00e9rateurs \u00e9conomiques de la r\u00e9gion la semaine derni\u00e8re. La zone s\u2019\u00e9tendra, selon les premiers \u00e9l\u00e9ments sur une quinzaine d\u2019hectares. D\u2019ores et d\u00e9j\u00e0, il est pr\u00e9vu qu\u2019elle accueille trois grandes [&hellip;]<\/p>\n","protected":false},"author":1763,"featured_media":0,"comment_status":"closed","ping_status":"closed","sticky":false,"template":"","format":"standard","meta":{"fifu_image_url":"","fifu_image_alt":"","footnotes":""},"categories":[78,54],"tags":[],"class_list":["post-113076","post","type-post","status-publish","format-standard","hentry","category-economie","category-maroc"],"_links":{"self":[{"href":"https:\/\/linitiative.ca\/International\/wp-json\/wp\/v2\/posts\/113076","targetHints":{"allow":["GET"]}}],"collection":[{"href":"https:\/\/linitiative.ca\/International\/wp-json\/wp\/v2\/posts"}],"about":[{"href":"https:\/\/linitiative.ca\/International\/wp-json\/wp\/v2\/types\/post"}],"author":[{"embeddable":true,"href":"https:\/\/linitiative.ca\/International\/wp-json\/wp\/v2\/users\/1763"}],"replies":[{"embeddable":true,"href":"https:\/\/linitiative.ca\/International\/wp-json\/wp\/v2\/comments?post=113076"}],"version-history":[{"count":0,"href":"https:\/\/linitiative.ca\/International\/wp-json\/wp\/v2\/posts\/113076\/revisions"}],"wp:attachment":[{"href":"https:\/\/linitiative.ca\/International\/wp-json\/wp\/v2\/media?parent=113076"}],"wp:term":[{"taxonomy":"category","embeddable":true,"href":"https:\/\/linitiative.ca\/International\/wp-json\/wp\/v2\/categories?post=113076"},{"taxonomy":"post_tag","embeddable":true,"href":"https:\/\/linitiative.ca\/International\/wp-json\/wp\/v2\/tags?post=113076"}],"curies":[{"name":"wp","href":"https:\/\/api.w.org\/{rel}","templated":true}]}}