{"id":113078,"date":"2021-03-14T09:23:27","date_gmt":"2021-03-14T13:23:27","guid":{"rendered":"https:\/\/linitiative.ca\/International\/jordanie-covid19-le-ministre-de-la-sante-demissionne\/"},"modified":"2021-03-14T09:23:27","modified_gmt":"2021-03-14T13:23:27","slug":"jordanie-covid19-le-ministre-de-la-sante-demissionne","status":"publish","type":"post","link":"https:\/\/linitiative.ca\/International\/jordanie-covid19-le-ministre-de-la-sante-demissionne\/","title":{"rendered":"Jordanie\/ Covid19: Le ministre de la Sant\u00e9 d\u00e9missionne"},"content":{"rendered":"<div readability=\"32\"><a href=\"\/sites\/default\/files\/eco7\/public\/colere_en_jordanie_tt_tt.jpg\"><img decoding=\"async\" class=\"img-responsive\" src=\"\/sites\/default\/files\/eco7\/public\/colere_en_jordanie_tt_tt.jpg\" alt=\"Jordanie\/ Covid19: Le ministre de la Sant\u00e9 d\u00e9missionne\"\/><\/a> Des familles des victimes se sont rassembl\u00e9es devant l&rsquo;h\u00f4pital o\u00f9 il y a eu les sept d\u00e9c\u00e8s.<\/div>\n<div readability=\"53\">\n<p class=\"rtejustify\">Le ministre de la Sant\u00e9 jordanien, Nazir Obeidat, a annonc\u00e9 sa d\u00e9mission samedi apr\u00e8s le\u00a0d\u00e9c\u00e8s de sept malades du Covid-19, en r\u00e9animation dans un h\u00f4pital pr\u00e8s d&rsquo;Amman, suite \u00e0 une panne d&rsquo;alimentation en oxyg\u00e8ne.<\/p>\n<p class=\"rtejustify\">\u00ab\u00a0Une panne d&rsquo;alimentation en oxyg\u00e8ne s&rsquo;est produite pendant pr\u00e8s d&rsquo;une heure \u00e0 l&rsquo;h\u00f4pital gouvernemental d&rsquo;Al-Salt et cela a vraisemblablement entra\u00een\u00e9 la mort de six patients\u00a0\u00bb, a affirm\u00e9 sur place le ministre de la Sant\u00e9 Nazir Obeidat, face aux journalistes. Quelque 150 malades du coronavirus sont soign\u00e9s dans ladite structure. \u00ab\u00a0J&rsquo;assume la responsabilit\u00e9 morale et totale de cet incident et j&rsquo;ai pr\u00e9sent\u00e9 ma d\u00e9mission au Premier ministre, a indiqu\u00e9 le ministre.\u00a0<\/p>\n<p class=\"rtejustify\">Le directeur et quatre responsables de l\u2019h\u00f4pital public d\u2019Al-Salt, pr\u00e8s d\u2019Amman, ont \u00e9t\u00e9 plac\u00e9s en garde \u00e0 vue apr\u00e8s la mort de sept malades.\u00a0 Depuis le d\u00e9but de la pand\u00e9mie, la Jordanie a enregistr\u00e9\u00a0464.000 cas d&rsquo;infection et plus de 5.200 d\u00e9c\u00e8s.<\/p>\n<p class=\"rtejustify\">\u00a0<\/p>\n<\/div>\n<p>Auteur: hgueye<br \/>\n<a href=\"https:\/\/www.leconomiste.com\/flash-infos\/jordanie-covid19-le-ministre-de-la-sante-demissionne\">Cliquez ici pour lire l&rsquo;article depuis sa source.<\/a><\/p>\n","protected":false},"excerpt":{"rendered":"<p>Des familles des victimes se sont rassembl\u00e9es devant l&rsquo;h\u00f4pital o\u00f9 il y a eu les sept d\u00e9c\u00e8s. Le ministre de la Sant\u00e9 jordanien, Nazir Obeidat, a annonc\u00e9 sa d\u00e9mission samedi apr\u00e8s le\u00a0d\u00e9c\u00e8s de sept malades du Covid-19, en r\u00e9animation dans un h\u00f4pital pr\u00e8s d&rsquo;Amman, suite \u00e0 une panne d&rsquo;alimentation en oxyg\u00e8ne. \u00ab\u00a0Une panne d&rsquo;alimentation en [&hellip;]<\/p>\n","protected":false},"author":1763,"featured_media":0,"comment_status":"closed","ping_status":"closed","sticky":false,"template":"","format":"standard","meta":{"fifu_image_url":"\/sites\/default\/files\/eco7\/public\/colere_en_jordanie_tt_tt.jpg","fifu_image_alt":"Jordanie\/ Covid19: Le ministre de la Sant\u00e9 d\u00e9missionne","footnotes":""},"categories":[78,54],"tags":[],"class_list":["post-113078","post","type-post","status-publish","format-standard","hentry","category-economie","category-maroc"],"_links":{"self":[{"href":"https:\/\/linitiative.ca\/International\/wp-json\/wp\/v2\/posts\/113078","targetHints":{"allow":["GET"]}}],"collection":[{"href":"https:\/\/linitiative.ca\/International\/wp-json\/wp\/v2\/posts"}],"about":[{"href":"https:\/\/linitiative.ca\/International\/wp-json\/wp\/v2\/types\/post"}],"author":[{"embeddable":true,"href":"https:\/\/linitiative.ca\/International\/wp-json\/wp\/v2\/users\/1763"}],"replies":[{"embeddable":true,"href":"https:\/\/linitiative.ca\/International\/wp-json\/wp\/v2\/comments?post=113078"}],"version-history":[{"count":0,"href":"https:\/\/linitiative.ca\/International\/wp-json\/wp\/v2\/posts\/113078\/revisions"}],"wp:attachment":[{"href":"https:\/\/linitiative.ca\/International\/wp-json\/wp\/v2\/media?parent=113078"}],"wp:term":[{"taxonomy":"category","embeddable":true,"href":"https:\/\/linitiative.ca\/International\/wp-json\/wp\/v2\/categories?post=113078"},{"taxonomy":"post_tag","embeddable":true,"href":"https:\/\/linitiative.ca\/International\/wp-json\/wp\/v2\/tags?post=113078"}],"curies":[{"name":"wp","href":"https:\/\/api.w.org\/{rel}","templated":true}]}}