{"id":113079,"date":"2021-03-14T13:10:19","date_gmt":"2021-03-14T17:10:19","guid":{"rendered":"https:\/\/linitiative.ca\/International\/covid19-305-nouveaux-cas-421-millions-de-personnes-vaccinees\/"},"modified":"2021-03-14T13:10:19","modified_gmt":"2021-03-14T17:10:19","slug":"covid19-305-nouveaux-cas-421-millions-de-personnes-vaccinees","status":"publish","type":"post","link":"https:\/\/linitiative.ca\/International\/covid19-305-nouveaux-cas-421-millions-de-personnes-vaccinees\/","title":{"rendered":"Covid19: 305 nouveaux cas, 4,21 millions de personnes vaccin\u00e9es"},"content":{"rendered":"<p class=\"rtejustify\">Le Maroc a enregistr\u00e9 <strong>305<\/strong> nouveaux cas de Covid19 durant les derni\u00e8res 24 heures, ce qui porte le total \u00e0\u00a0<strong>488.937<\/strong> cas confirm\u00e9s, d&rsquo;apr\u00e8s le nouveau bilan du minist\u00e8re de la Sant\u00e9 de ce dimanche 14 mars 2021. Le nombre total de personnes vaccin\u00e9es se chiffre \u00e0\u00a0<strong>4.210.770<\/strong>, indique le minist\u00e8re.\u00a0<strong>1.471.738<\/strong> personnes ont pris leur 2e dose. Casablanca-Settat a enregistr\u00e9 <strong>193<\/strong> nouveaux cas, alors que la r\u00e9gion de Rabat-Sal\u00e9-K\u00e9nitra en compte <strong>41<\/strong>. Au total, <strong>7.605<\/strong> nouveaux tests ont \u00e9t\u00e9 r\u00e9alis\u00e9s.<\/p>\n<p class=\"rtejustify\">Quant au nombre de d\u00e9c\u00e8s, il s&rsquo;\u00e9tablit \u00e0 <strong>8.723<\/strong>,\u00a0soit <strong>5<\/strong> d\u00e9c\u00e8s de plus en 24 heures (taux de l\u00e9talit\u00e9 1,8%), alors que <strong>392<\/strong> nouvelles gu\u00e9risons ont \u00e9t\u00e9 recens\u00e9es, soit au total\u00a0<strong>475.849<\/strong> (taux de gu\u00e9rison 97,3%). Le nombre de cas encore actifs atteint <strong>4.365<\/strong>, dont <strong>395<\/strong>\u00a0s\u00e9v\u00e8res. Parmi ces derniers, <strong>25<\/strong> sont sous intubation, alors que <strong>230<\/strong> sont sous ventilation non invasive. Par ailleurs, le taux d&rsquo;occupation des lits d\u00e9di\u00e9s au Covid-19 atteint 12,5%.<\/p>\n<blockquote readability=\"4.75\">\n<p class=\"rtejustify\"><strong>Pour plus de d\u00e9tails, voir l&rsquo;\u00e9volution en temps r\u00e9el de l&rsquo;\u00e9pid\u00e9mie sur <a href=\"https:\/\/www.leconomiste.com\/covid19\/\">https:\/\/www.leconomiste.com\/covid19\/<\/a><\/strong><\/p>\n<\/blockquote>\n<p class=\"rtejustify\">\u00a0<\/p>\n<p>Auteur: hgueye<br \/>\n<a href=\"https:\/\/www.leconomiste.com\/flash-infos\/covid19-millions-de-personnes-vaccinees-5\">Cliquez ici pour lire l&rsquo;article depuis sa source.<\/a><\/p>\n","protected":false},"excerpt":{"rendered":"<p>Le Maroc a enregistr\u00e9 305 nouveaux cas de Covid19 durant les derni\u00e8res 24 heures, ce qui porte le total \u00e0\u00a0488.937 cas confirm\u00e9s, d&rsquo;apr\u00e8s le nouveau bilan du minist\u00e8re de la Sant\u00e9 de ce dimanche 14 mars 2021. Le nombre total de personnes vaccin\u00e9es se chiffre \u00e0\u00a04.210.770, indique le minist\u00e8re.\u00a01.471.738 personnes ont pris leur 2e dose. [&hellip;]<\/p>\n","protected":false},"author":1763,"featured_media":0,"comment_status":"closed","ping_status":"closed","sticky":false,"template":"","format":"standard","meta":{"fifu_image_url":"","fifu_image_alt":"","footnotes":""},"categories":[78,54],"tags":[],"class_list":["post-113079","post","type-post","status-publish","format-standard","hentry","category-economie","category-maroc"],"_links":{"self":[{"href":"https:\/\/linitiative.ca\/International\/wp-json\/wp\/v2\/posts\/113079","targetHints":{"allow":["GET"]}}],"collection":[{"href":"https:\/\/linitiative.ca\/International\/wp-json\/wp\/v2\/posts"}],"about":[{"href":"https:\/\/linitiative.ca\/International\/wp-json\/wp\/v2\/types\/post"}],"author":[{"embeddable":true,"href":"https:\/\/linitiative.ca\/International\/wp-json\/wp\/v2\/users\/1763"}],"replies":[{"embeddable":true,"href":"https:\/\/linitiative.ca\/International\/wp-json\/wp\/v2\/comments?post=113079"}],"version-history":[{"count":0,"href":"https:\/\/linitiative.ca\/International\/wp-json\/wp\/v2\/posts\/113079\/revisions"}],"wp:attachment":[{"href":"https:\/\/linitiative.ca\/International\/wp-json\/wp\/v2\/media?parent=113079"}],"wp:term":[{"taxonomy":"category","embeddable":true,"href":"https:\/\/linitiative.ca\/International\/wp-json\/wp\/v2\/categories?post=113079"},{"taxonomy":"post_tag","embeddable":true,"href":"https:\/\/linitiative.ca\/International\/wp-json\/wp\/v2\/tags?post=113079"}],"curies":[{"name":"wp","href":"https:\/\/api.w.org\/{rel}","templated":true}]}}