{"id":113080,"date":"2021-03-14T15:14:12","date_gmt":"2021-03-14T19:14:12","guid":{"rendered":"https:\/\/linitiative.ca\/International\/pros-montpellier-delort-annonce-neuf-finales\/"},"modified":"2021-03-14T15:14:12","modified_gmt":"2021-03-14T19:14:12","slug":"pros-montpellier-delort-annonce-neuf-finales","status":"publish","type":"post","link":"https:\/\/linitiative.ca\/International\/pros-montpellier-delort-annonce-neuf-finales\/","title":{"rendered":"Pros : Montpellier: Delort annonce neuf finales"},"content":{"rendered":"<div readability=\"32\">\n<p>Auteur : <span class=\"time\">dimanche 14 mars 2021 17:11<\/span><\/p>\n<\/div>\n<div id=\"post_core\" readability=\"47\">\n<p>Men\u00e9 au score sur la pelouse de N\u00eemes, ce dimanche, Montpellier a \u00e9galis\u00e9 \u00e0 la 78e minute sur un but d&rsquo;Andy Delort (1-1). Si le MHSC a \u00e9vit\u00e9 la d\u00e9faite, la domination des joueurs de Michel Der Zakarian laisse des regrets \u00e0 son buteur, qui veut d\u00e9crocher une qualification europ\u00e9enne: \u00ab\u00a0Sur la seconde p\u00e9riode, on m\u00e9rite de marquer au moins deux buts. (&#8230;) Ce match \u00e9tait tr\u00e8s important pour les supporters, le club, tout le monde. On ne l&rsquo;a pas gagn\u00e9, mais on a montr\u00e9 qu&rsquo;on \u00e9tait l\u00e0 et on se rattrape du match aller (d\u00e9faite 0-1 \u00e0 domicile). L&rsquo;important, dans les matchs comme ceux-l\u00e0, c&rsquo;est de ne pas perdre. Il nous reste neuf finales plus la Coupe de France. Il va falloir s&rsquo;arracher pour esp\u00e9rer quelque chose en fin de saison\u00a0\u00bb, a d\u00e9clar\u00e9 l&rsquo;attaquant h\u00e9raultais au micro de la cha\u00eene du club pailladin et comme rapport\u00e9 par Maxifoot.fr. Avant la fin de cette 29e journ\u00e9e de championnat, Montpellier est 8e du classement \u00e0 quatre points de la 5e place.<\/p>\n<p><strong>Publi\u00e9 dans :<\/strong> <span>Delort<\/span><\/p>\n<\/div>\n<p>Auteur:<br \/>\n<a href=\"http:\/\/www.lebuteur.com\/article\/detail?titre=montpellier-delort-annonce-neuf-finales&#038;id=99390&#038;utm_source=feedburner&#038;utm_medium=feed&#038;utm_campaign=Feed%3A+GalerieFArtciles+%28Les+derniers+articles++-+lebuteur.com%29\">Cliquez ici pour lire l&rsquo;article depuis sa source.<\/a><\/p>\n","protected":false},"excerpt":{"rendered":"<p>Auteur : dimanche 14 mars 2021 17:11 Men\u00e9 au score sur la pelouse de N\u00eemes, ce dimanche, Montpellier a \u00e9galis\u00e9 \u00e0 la 78e minute sur un but d&rsquo;Andy Delort (1-1). Si le MHSC a \u00e9vit\u00e9 la d\u00e9faite, la domination des joueurs de Michel Der Zakarian laisse des regrets \u00e0 son buteur, qui veut d\u00e9crocher une [&hellip;]<\/p>\n","protected":false},"author":1738,"featured_media":0,"comment_status":"closed","ping_status":"closed","sticky":false,"template":"","format":"standard","meta":{"fifu_image_url":"\/\/cdn.lebuteur.com\/data\/images\/article\/thumbs\/large-montpellier-delort-annonce-neuf-finales-cedca.jpg","fifu_image_alt":"Pros : Montpellier: Delort annonce neuf finales","footnotes":""},"categories":[53,75],"tags":[],"class_list":["post-113080","post","type-post","status-publish","format-standard","hentry","category-algerie","category-sport"],"_links":{"self":[{"href":"https:\/\/linitiative.ca\/International\/wp-json\/wp\/v2\/posts\/113080","targetHints":{"allow":["GET"]}}],"collection":[{"href":"https:\/\/linitiative.ca\/International\/wp-json\/wp\/v2\/posts"}],"about":[{"href":"https:\/\/linitiative.ca\/International\/wp-json\/wp\/v2\/types\/post"}],"author":[{"embeddable":true,"href":"https:\/\/linitiative.ca\/International\/wp-json\/wp\/v2\/users\/1738"}],"replies":[{"embeddable":true,"href":"https:\/\/linitiative.ca\/International\/wp-json\/wp\/v2\/comments?post=113080"}],"version-history":[{"count":0,"href":"https:\/\/linitiative.ca\/International\/wp-json\/wp\/v2\/posts\/113080\/revisions"}],"wp:attachment":[{"href":"https:\/\/linitiative.ca\/International\/wp-json\/wp\/v2\/media?parent=113080"}],"wp:term":[{"taxonomy":"category","embeddable":true,"href":"https:\/\/linitiative.ca\/International\/wp-json\/wp\/v2\/categories?post=113080"},{"taxonomy":"post_tag","embeddable":true,"href":"https:\/\/linitiative.ca\/International\/wp-json\/wp\/v2\/tags?post=113080"}],"curies":[{"name":"wp","href":"https:\/\/api.w.org\/{rel}","templated":true}]}}