{"id":113081,"date":"2021-03-14T15:14:14","date_gmt":"2021-03-14T19:14:14","guid":{"rendered":"https:\/\/linitiative.ca\/International\/pros-darfalou-soffre-un-double-et-une-passe-decisive-face-a-utrecht\/"},"modified":"2021-03-14T15:14:14","modified_gmt":"2021-03-14T19:14:14","slug":"pros-darfalou-soffre-un-double-et-une-passe-decisive-face-a-utrecht","status":"publish","type":"post","link":"https:\/\/linitiative.ca\/International\/pros-darfalou-soffre-un-double-et-une-passe-decisive-face-a-utrecht\/","title":{"rendered":"Pros : Darfalou s\u2019offre un doubl\u00e9 et une passe d\u00e9cisive face \u00e0 Utrecht"},"content":{"rendered":"<div readability=\"32\">\n<p>Auteur : <span>Riad O<\/span> <span class=\"time\">dimanche 14 mars 2021 17:48<\/span><\/p>\n<\/div>\n<div id=\"post_core\" readability=\"36\">\n<p>L\u2019attaquant Alg\u00e9rien de Vitesse, Oussama Darfalou a tir\u00e9 son \u00e9pingle du jeu aujourd\u2019hui lors de la rencontre de son \u00e9quipe face \u00e0 Utrecht \u00e0 l\u2019occasion de la 26\u00e8me journ\u00e9e de l\u2019Eredivisie. L\u2019ancien joueur de l\u2019USMA a grandement contribu\u00e9 au succ\u00e8s des siens (1-3) avec \u00e0 la cl\u00e9 un doubl\u00e9 et une passe d\u00e9cisive.<\/p>\n<p><strong class=\"c2\">Riad O<\/strong><\/p>\n<p><strong>Publi\u00e9 dans :<\/strong> <span>Darfalou<\/span><\/p>\n<\/div>\n<p>Auteur:<br \/>\n<a href=\"http:\/\/www.lebuteur.com\/article\/detail?titre=darfalou-soffre-un-double-et-une-passe-decisive-face-a-utrecht&#038;id=99391&#038;utm_source=feedburner&#038;utm_medium=feed&#038;utm_campaign=Feed%3A+GalerieFArtciles+%28Les+derniers+articles++-+lebuteur.com%29\">Cliquez ici pour lire l&rsquo;article depuis sa source.<\/a><\/p>\n","protected":false},"excerpt":{"rendered":"<p>Auteur : Riad O dimanche 14 mars 2021 17:48 L\u2019attaquant Alg\u00e9rien de Vitesse, Oussama Darfalou a tir\u00e9 son \u00e9pingle du jeu aujourd\u2019hui lors de la rencontre de son \u00e9quipe face \u00e0 Utrecht \u00e0 l\u2019occasion de la 26\u00e8me journ\u00e9e de l\u2019Eredivisie. L\u2019ancien joueur de l\u2019USMA a grandement contribu\u00e9 au succ\u00e8s des siens (1-3) avec \u00e0 la [&hellip;]<\/p>\n","protected":false},"author":1738,"featured_media":0,"comment_status":"closed","ping_status":"closed","sticky":false,"template":"","format":"standard","meta":{"fifu_image_url":"\/\/cdn.lebuteur.com\/data\/images\/article\/thumbs\/large-darfalou-soffre-un-double-et-une-passe-decisive-face-a-utrecht-ae6e5.jpg","fifu_image_alt":"Pros : Darfalou s\u2019offre un doubl\u00e9 et une passe d\u00e9cisive face \u00e0 Utrecht","footnotes":""},"categories":[53,75],"tags":[],"class_list":["post-113081","post","type-post","status-publish","format-standard","hentry","category-algerie","category-sport"],"_links":{"self":[{"href":"https:\/\/linitiative.ca\/International\/wp-json\/wp\/v2\/posts\/113081","targetHints":{"allow":["GET"]}}],"collection":[{"href":"https:\/\/linitiative.ca\/International\/wp-json\/wp\/v2\/posts"}],"about":[{"href":"https:\/\/linitiative.ca\/International\/wp-json\/wp\/v2\/types\/post"}],"author":[{"embeddable":true,"href":"https:\/\/linitiative.ca\/International\/wp-json\/wp\/v2\/users\/1738"}],"replies":[{"embeddable":true,"href":"https:\/\/linitiative.ca\/International\/wp-json\/wp\/v2\/comments?post=113081"}],"version-history":[{"count":0,"href":"https:\/\/linitiative.ca\/International\/wp-json\/wp\/v2\/posts\/113081\/revisions"}],"wp:attachment":[{"href":"https:\/\/linitiative.ca\/International\/wp-json\/wp\/v2\/media?parent=113081"}],"wp:term":[{"taxonomy":"category","embeddable":true,"href":"https:\/\/linitiative.ca\/International\/wp-json\/wp\/v2\/categories?post=113081"},{"taxonomy":"post_tag","embeddable":true,"href":"https:\/\/linitiative.ca\/International\/wp-json\/wp\/v2\/tags?post=113081"}],"curies":[{"name":"wp","href":"https:\/\/api.w.org\/{rel}","templated":true}]}}