{"id":113082,"date":"2021-03-14T15:14:16","date_gmt":"2021-03-14T19:14:16","guid":{"rendered":"https:\/\/linitiative.ca\/International\/pros-touba-encore-present-avec-waalwijk\/"},"modified":"2021-03-14T15:14:16","modified_gmt":"2021-03-14T19:14:16","slug":"pros-touba-encore-present-avec-waalwijk","status":"publish","type":"post","link":"https:\/\/linitiative.ca\/International\/pros-touba-encore-present-avec-waalwijk\/","title":{"rendered":"Pros : Touba encore pr\u00e9sent avec Waalwijk"},"content":{"rendered":"<div readability=\"32\">\n<p>Auteur : <span>Moumen A.<\/span> <span class=\"time\">dimanche 14 mars 2021 18:10<\/span><\/p>\n<\/div>\n<div id=\"post_core\" readability=\"37\">\n<p>\u00a0Cela devient difficile pour la formation de Waalwijk om \u00e9volue le d\u00e9fenseur central alg\u00e9rien Ahmed Touba. Titulaire hier l\u2019ancien joueur du FC Bruges n\u2019a pu \u00e9viter la d\u00e9faire \u00e0 ses camarades dans ce duel perdu donc deux buts \u00e0 z\u00e9ro contre Spartak Rotterdam. Un revers compromettant puisque les camarades de Touba n\u2019ont plus que deux points d\u2019avance sur le premier rel\u00e9guable de l\u2019Eredivisie. Le joueur qu&rsquo;on pr\u00e9sente comme l&rsquo;un des renforts de la s\u00e9lection alg\u00e9rienne a jou\u00e9 un autre match complet.<\/p>\n<p><strong>Moumen A.<\/strong><\/p>\n<p><strong>Publi\u00e9 dans :<\/strong> <span>Ahmed Touba<\/span><\/p>\n<\/div>\n<p>Auteur:<br \/>\n<a href=\"http:\/\/www.lebuteur.com\/article\/detail?titre=touba-encore-present-avec-waalwijk&#038;id=99392&#038;utm_source=feedburner&#038;utm_medium=feed&#038;utm_campaign=Feed%3A+GalerieFArtciles+%28Les+derniers+articles++-+lebuteur.com%29\">Cliquez ici pour lire l&rsquo;article depuis sa source.<\/a><\/p>\n","protected":false},"excerpt":{"rendered":"<p>Auteur : Moumen A. dimanche 14 mars 2021 18:10 \u00a0Cela devient difficile pour la formation de Waalwijk om \u00e9volue le d\u00e9fenseur central alg\u00e9rien Ahmed Touba. Titulaire hier l\u2019ancien joueur du FC Bruges n\u2019a pu \u00e9viter la d\u00e9faire \u00e0 ses camarades dans ce duel perdu donc deux buts \u00e0 z\u00e9ro contre Spartak Rotterdam. Un revers compromettant [&hellip;]<\/p>\n","protected":false},"author":1738,"featured_media":0,"comment_status":"closed","ping_status":"closed","sticky":false,"template":"","format":"standard","meta":{"fifu_image_url":"\/\/cdn.lebuteur.com\/data\/images\/article\/thumbs\/large-touba-degringole-avec-waalwijk-9e9e6.jpg","fifu_image_alt":"Pros : Touba encore pr\u00e9sent avec Waalwijk","footnotes":""},"categories":[53,75],"tags":[],"class_list":["post-113082","post","type-post","status-publish","format-standard","hentry","category-algerie","category-sport"],"_links":{"self":[{"href":"https:\/\/linitiative.ca\/International\/wp-json\/wp\/v2\/posts\/113082","targetHints":{"allow":["GET"]}}],"collection":[{"href":"https:\/\/linitiative.ca\/International\/wp-json\/wp\/v2\/posts"}],"about":[{"href":"https:\/\/linitiative.ca\/International\/wp-json\/wp\/v2\/types\/post"}],"author":[{"embeddable":true,"href":"https:\/\/linitiative.ca\/International\/wp-json\/wp\/v2\/users\/1738"}],"replies":[{"embeddable":true,"href":"https:\/\/linitiative.ca\/International\/wp-json\/wp\/v2\/comments?post=113082"}],"version-history":[{"count":0,"href":"https:\/\/linitiative.ca\/International\/wp-json\/wp\/v2\/posts\/113082\/revisions"}],"wp:attachment":[{"href":"https:\/\/linitiative.ca\/International\/wp-json\/wp\/v2\/media?parent=113082"}],"wp:term":[{"taxonomy":"category","embeddable":true,"href":"https:\/\/linitiative.ca\/International\/wp-json\/wp\/v2\/categories?post=113082"},{"taxonomy":"post_tag","embeddable":true,"href":"https:\/\/linitiative.ca\/International\/wp-json\/wp\/v2\/tags?post=113082"}],"curies":[{"name":"wp","href":"https:\/\/api.w.org\/{rel}","templated":true}]}}