{"id":113084,"date":"2021-03-14T15:14:19","date_gmt":"2021-03-14T19:14:19","guid":{"rendered":"https:\/\/linitiative.ca\/International\/pros-darfalou-designe-homme-du-match\/"},"modified":"2021-03-14T15:14:19","modified_gmt":"2021-03-14T19:14:19","slug":"pros-darfalou-designe-homme-du-match","status":"publish","type":"post","link":"https:\/\/linitiative.ca\/International\/pros-darfalou-designe-homme-du-match\/","title":{"rendered":"Pros : Darfalou d\u00e9sign\u00e9 homme du match !"},"content":{"rendered":"<div readability=\"32\">\n<p>Auteur : <span>Moumen A.<\/span> <span class=\"time\">dimanche 14 mars 2021 19:32<\/span><\/p>\n<\/div>\n<div id=\"post_core\" readability=\"49\">\n<p><strong>Darfalou se r\u00e9volte et signe un doubl\u00e9 !<\/strong><\/p>\n<p>Revenu titulaire dans le onze de base de son \u00e9quipe cet apr\u00e8s-midi, l\u2019attaquant Alg\u00e9rien de Vitesse Arnhem s\u2019est r\u00e9volt\u00e9 de mani\u00e8re splendide. En plus de son match parfait sorti contre Utrecht, Oussama qui est aussi concern\u00e9 par le prochain stage des Verts a sign\u00e9 son premier doubl\u00e9 de la saison avec son club. Oussama a \u00e9t\u00e9 l\u2019artisan du succ\u00e8s de son club sur le score de trois buts \u00e0 un en \u00e9tant aussi passeur d\u00e9cisif dans ce duel.\u00a0 Il a \u00e9t\u00e9 d\u00e9sign\u00e9 par l&rsquo;ensemble des sites sp\u00e9cialis\u00e9s en Europe et au Pays Bas, homme du match.<\/p>\n<p><strong>C\u2019est son 8e but de la saison<\/strong><\/p>\n<p>Le succ\u00e8s arrach\u00e9 par Vitesse Arnhem contre Utrecht permet \u00a0aux camarades d\u2019Oussama Darfalou de revenir en course pour le podium avec seulement un point de retard sur AZ Alkmaar. Ce doubl\u00e9 salvateur\u00a0 permet \u00e0 l\u2019ancien joueur de l\u2019USM Alger de marquer son huiti\u00e8me \u00a0but de la saison en Eredivisie pour 2 passes d\u00e9cisives. Une belle moisson pour l\u2019enfant de Boussa\u00e2da qui a souffert de la marginalisation \u00a0de son entraineur malgr\u00e9 son efficacit\u00e9 devant les buts.<\/p>\n<p><strong>Moumen A.<\/strong><\/p>\n<p><strong>Publi\u00e9 dans :<\/strong> <span>Oussama Darfalou<\/span> <span>Belmadi Djamel<\/span><\/p>\n<\/div>\n<p>Auteur:<br \/>\n<a href=\"http:\/\/www.lebuteur.com\/article\/detail?titre=darfalou-designe-homme-du-match&#038;id=99394&#038;utm_source=feedburner&#038;utm_medium=feed&#038;utm_campaign=Feed%3A+GalerieFArtciles+%28Les+derniers+articles++-+lebuteur.com%29\">Cliquez ici pour lire l&rsquo;article depuis sa source.<\/a><\/p>\n","protected":false},"excerpt":{"rendered":"<p>Auteur : Moumen A. dimanche 14 mars 2021 19:32 Darfalou se r\u00e9volte et signe un doubl\u00e9 ! Revenu titulaire dans le onze de base de son \u00e9quipe cet apr\u00e8s-midi, l\u2019attaquant Alg\u00e9rien de Vitesse Arnhem s\u2019est r\u00e9volt\u00e9 de mani\u00e8re splendide. En plus de son match parfait sorti contre Utrecht, Oussama qui est aussi concern\u00e9 par le [&hellip;]<\/p>\n","protected":false},"author":1738,"featured_media":0,"comment_status":"closed","ping_status":"closed","sticky":false,"template":"","format":"standard","meta":{"fifu_image_url":"\/\/cdn.lebuteur.com\/data\/images\/article\/thumbs\/large-darfalou-designe-homme-du-match-affcb.jpg","fifu_image_alt":"Pros : Darfalou d\u00e9sign\u00e9 homme du match !","footnotes":""},"categories":[53,75],"tags":[],"class_list":["post-113084","post","type-post","status-publish","format-standard","hentry","category-algerie","category-sport"],"_links":{"self":[{"href":"https:\/\/linitiative.ca\/International\/wp-json\/wp\/v2\/posts\/113084","targetHints":{"allow":["GET"]}}],"collection":[{"href":"https:\/\/linitiative.ca\/International\/wp-json\/wp\/v2\/posts"}],"about":[{"href":"https:\/\/linitiative.ca\/International\/wp-json\/wp\/v2\/types\/post"}],"author":[{"embeddable":true,"href":"https:\/\/linitiative.ca\/International\/wp-json\/wp\/v2\/users\/1738"}],"replies":[{"embeddable":true,"href":"https:\/\/linitiative.ca\/International\/wp-json\/wp\/v2\/comments?post=113084"}],"version-history":[{"count":0,"href":"https:\/\/linitiative.ca\/International\/wp-json\/wp\/v2\/posts\/113084\/revisions"}],"wp:attachment":[{"href":"https:\/\/linitiative.ca\/International\/wp-json\/wp\/v2\/media?parent=113084"}],"wp:term":[{"taxonomy":"category","embeddable":true,"href":"https:\/\/linitiative.ca\/International\/wp-json\/wp\/v2\/categories?post=113084"},{"taxonomy":"post_tag","embeddable":true,"href":"https:\/\/linitiative.ca\/International\/wp-json\/wp\/v2\/tags?post=113084"}],"curies":[{"name":"wp","href":"https:\/\/api.w.org\/{rel}","templated":true}]}}