{"id":113090,"date":"2021-03-14T06:00:00","date_gmt":"2021-03-14T10:00:00","guid":{"rendered":"https:\/\/linitiative.ca\/International\/le-proces-dun-cochon-selon-joe\/"},"modified":"2021-03-14T06:00:00","modified_gmt":"2021-03-14T10:00:00","slug":"le-proces-dun-cochon-selon-joe","status":"publish","type":"post","link":"https:\/\/linitiative.ca\/International\/le-proces-dun-cochon-selon-joe\/","title":{"rendered":"\u00abLe proc\u00e8s d\u2019un cochon\u00bb, selon Joe"},"content":{"rendered":"<p class=\"c3\">Joe Okitawonya Malandy nous a parl\u00e9 de sa prochaine \u00abaventure litt\u00e9raire\u00bb intitul\u00e9e Le proc\u00e8s d\u2019un cochon. L\u2019artiste-peintre, musicien et \u00e9crivain congolais (Kinshasa), ancien \u00e9l\u00e8ve de l\u2019\u00c9cole sup\u00e9rieure des Beaux-Arts d\u2019Alger, qui a d\u00e9j\u00e0 \u00e9crit Le Huiti\u00e8me jour de la semaine et, avant lui,\u00a0 le\u00a0 roman L\u2019Evangile selon Joe,\u00a0 s\u2019interroge : \u00abPendant que les animaux s&rsquo;entraident naturellement, les hommes s&rsquo;entretuent&#8230; Sans \u00e9tat d&rsquo;\u00e2me&#8230; Et l\u00e0 vient la question du cochon qui interroge l&rsquo;homme: \u2018\u2018qui entre toi et moi est halal et haram ?\u2019\u2019\u00bb<\/p>\n<p class=\"c3\">\u00a0Dans les ann\u00e9es\u00a0 1980, Abdelmalek Bouguermouh avait adapt\u00e9 la pi\u00e8ce de th\u00e9\u00e2tre de l\u2019absurde Rhinoc\u00e9ros (1959) d\u2019Eug\u00e8ne Ionesco en Rdjal ya hlalef (Hommes, esp\u00e8ce de cochons !). L\u2019\u00e9pid\u00e9mie de \u00abrhinoc\u00e9rite\u00bb,\u00a0 qui effraie les habitants d&rsquo;une ville et transforme les hommes (et les femmes) en rhinoc\u00e9ros devient un \u00abhaloufisme\u00bb qui fait rage \u00e0 Cochon- Ville.<br \/>Mais question mal, violence et haine, le cochon, le rhinoc\u00e9ros et tous les animaux r\u00e9unis n\u2019arrivent pas \u00e0 la cheville de l\u2019homme.\u00a0<br \/><em><strong>K. B .<br \/><a href=\"\/cdn-cgi\/l\/email-protection\" class=\"__cf_email__\" data-cfemail=\"e28083898d978983868790a29b838a8d8dcc8490\">[email\u00a0protected]<\/a><\/strong><\/em><\/p>\n<p>Auteur:<br \/>\n<a href=\"https:\/\/www.lesoirdalgerie.com\/culture\/le-proces-dun-cochon-selon-joe-57856\">Cliquez ici pour lire l&rsquo;article depuis sa source.<\/a><\/p>\n","protected":false},"excerpt":{"rendered":"<p>Joe Okitawonya Malandy nous a parl\u00e9 de sa prochaine \u00abaventure litt\u00e9raire\u00bb intitul\u00e9e Le proc\u00e8s d\u2019un cochon. L\u2019artiste-peintre, musicien et \u00e9crivain congolais (Kinshasa), ancien \u00e9l\u00e8ve de l\u2019\u00c9cole sup\u00e9rieure des Beaux-Arts d\u2019Alger, qui a d\u00e9j\u00e0 \u00e9crit Le Huiti\u00e8me jour de la semaine et, avant lui,\u00a0 le\u00a0 roman L\u2019Evangile selon Joe,\u00a0 s\u2019interroge : \u00abPendant que les animaux s&rsquo;entraident [&hellip;]<\/p>\n","protected":false},"author":1741,"featured_media":0,"comment_status":"closed","ping_status":"closed","sticky":false,"template":"","format":"standard","meta":{"fifu_image_url":"","fifu_image_alt":"","footnotes":""},"categories":[73,53],"tags":[],"class_list":["post-113090","post","type-post","status-publish","format-standard","hentry","category-actualite","category-algerie"],"_links":{"self":[{"href":"https:\/\/linitiative.ca\/International\/wp-json\/wp\/v2\/posts\/113090","targetHints":{"allow":["GET"]}}],"collection":[{"href":"https:\/\/linitiative.ca\/International\/wp-json\/wp\/v2\/posts"}],"about":[{"href":"https:\/\/linitiative.ca\/International\/wp-json\/wp\/v2\/types\/post"}],"author":[{"embeddable":true,"href":"https:\/\/linitiative.ca\/International\/wp-json\/wp\/v2\/users\/1741"}],"replies":[{"embeddable":true,"href":"https:\/\/linitiative.ca\/International\/wp-json\/wp\/v2\/comments?post=113090"}],"version-history":[{"count":0,"href":"https:\/\/linitiative.ca\/International\/wp-json\/wp\/v2\/posts\/113090\/revisions"}],"wp:attachment":[{"href":"https:\/\/linitiative.ca\/International\/wp-json\/wp\/v2\/media?parent=113090"}],"wp:term":[{"taxonomy":"category","embeddable":true,"href":"https:\/\/linitiative.ca\/International\/wp-json\/wp\/v2\/categories?post=113090"},{"taxonomy":"post_tag","embeddable":true,"href":"https:\/\/linitiative.ca\/International\/wp-json\/wp\/v2\/tags?post=113090"}],"curies":[{"name":"wp","href":"https:\/\/api.w.org\/{rel}","templated":true}]}}