{"id":113091,"date":"2021-03-14T07:43:42","date_gmt":"2021-03-14T11:43:42","guid":{"rendered":"https:\/\/linitiative.ca\/International\/bam-devrait-maintenir-le-taux-directeur-inchange-selon-cdg-capital-insight\/"},"modified":"2021-03-14T07:43:42","modified_gmt":"2021-03-14T11:43:42","slug":"bam-devrait-maintenir-le-taux-directeur-inchange-selon-cdg-capital-insight","status":"publish","type":"post","link":"https:\/\/linitiative.ca\/International\/bam-devrait-maintenir-le-taux-directeur-inchange-selon-cdg-capital-insight\/","title":{"rendered":"BAM devrait maintenir le taux directeur inchang\u00e9, selon CDG Capital Insight"},"content":{"rendered":"<p><strong>Bank Al Maghrib (BAM) devrait maintenir, lors de son Conseil pr\u00e9vu le 23 mars, le taux directeur inchang\u00e9 \u00e0 1,5%, selon les pr\u00e9visions de CDG Capital Insight.<\/strong><\/p>\n<div class=\"c10\">\n<\/div>\n<p>Le premier Conseil de Bank Al-Maghrib, au titre de l\u2019ann\u00e9e 2021, se tiendra le 23 mars pour d\u00e9cider de la conduite de la politique mon\u00e9taire. Le milieu des affaires esp\u00e8re une baisse du taux directeur. Il faut dire qu\u2019une baisse du taux directeur diminuerait par ricochet les taux d\u2019int\u00e9r\u00eats bancaires et acc\u00e9l\u00e8rerait ainsi la demande de cr\u00e9dit, et augmenterait la demande sur les biens de consommation et d\u2019\u00e9quipement. Qu\u2019en sera-t-il ? Selon les anticipations de CDG Capital, publi\u00e9es dans son \u00ab <a href=\"file:\/\/\/C:\/Users\/codes\/Downloads\/Flash%20pre%CC%81_Conseil%20de%20Bank%20Al-Maghrib%20pre%CC%81vu%20le%2023%20mars%202021-.pdf\">Flash pr\u00e9-Conseil de Bank Al-Maghrib \u00bb<\/a>, il \u00ab\u00a0est plus probable que le Conseil de Bank Al-Maghrib maintienne le taux directeur inchang\u00e9 au niveau de 1,5% lors de ce prochain Conseil, et ce dans l\u2019attente d\u2019une transmission compl\u00e8te des baisses du taux directeur vers les taux d\u00e9biteurs et d\u2019une reprise de la demande de cr\u00e9dit aussi bien des entreprises que des m\u00e9nages \u00bb.\u00a0<\/p>\n<p><strong>Lire aussi|<a href=\"https:\/\/www.challenge.ma\/covid-19-plus-de-9-personnes-sur-10-vaccinees-en-afrique-sont-marocaines-177950\/\">Covid-19 : plus de 9 personnes sur 10 vaccin\u00e9es en Afrique sont marocaines<\/a><\/strong><\/p>\n<p>D\u2019apr\u00e8s l\u2019\u00e9conomiste \u00e0 la Direction Insight, Ahmed Zhani, \u00ab certes dans les conditions \u00e9conomiques actuelles, une am\u00e9lioration suppl\u00e9mentaire des conditions de financement pourrait \u00eatre b\u00e9n\u00e9fique pour la relance, et ce d\u2019autant plus que les risques inflationnistes \u00e0 l\u2019horizon de pr\u00e9vision (8 trimestres) sont globalement orient\u00e9s \u00e0 la baisse en r\u00e9sultat de la r\u00e9gression pr\u00e9vue de la demande avec la hausse anticip\u00e9e du ch\u00f4mage, le ralentissement du taux d\u2019accroissement des transferts des MRE et la baisse des cr\u00e9dits accord\u00e9s aux m\u00e9nages \u00bb.\u00a0 Toutefois, poursuit-il, malgr\u00e9 les deux baisses du taux directeur de 75 points de base (PBS) en 2020, la transmission vers les taux d\u00e9biteurs, particuli\u00e8rement ceux relatifs aux entreprises, demeure incompl\u00e8te en liaison d\u2019une part, avec la hausse du risque associ\u00e9 \u00e0 cette cat\u00e9gorie de pr\u00eat et d\u2019autre part, la dur\u00e9e n\u00e9cessaire pour ajuster \u00e0 la baisse le co\u00fbt moyen des ressources bancaires afin de pr\u00e9server la marge d\u2019interm\u00e9diation.\u00a0 Parall\u00e8lement, le taux d\u2019accroissement des cr\u00e9dits continue \u00e0 ralentir en liaison avec la mauvaise conjoncture \u00e9conomique et l\u2019affaiblissement de la capacit\u00e9 de cr\u00e9dit des m\u00e9nages, a-t-il ajout\u00e9.\u00a0<\/p>\n<p><strong>Lire aussi|<a href=\"https:\/\/www.challenge.ma\/50-femmes-qui-comptent-kenza-el-alaoui-directrice-des-industries-de-lautomobile-au-ministere-de-lindustrie-du-commerce-et-de-leconomie-verte-et-numerique-177631\/\">50 femmes qui comptent : Kenza El Alaoui, Directrice des industries de l\u2019automobile au Minist\u00e8re de l\u2019Industrie, du Commerce et de l\u2019Economie Verte et Num\u00e9rique<\/a><\/strong><\/p>\n<p>Auteur: Adama Sylla<br \/>\n<a href=\"https:\/\/www.challenge.ma\/bam-devrait-maintenir-le-taux-directeur-inchange-selon-cdg-capital-insight-177958\/\">Cliquez ici pour lire l&rsquo;article depuis sa source.<\/a><\/p>\n","protected":false},"excerpt":{"rendered":"<p>Bank Al Maghrib (BAM) devrait maintenir, lors de son Conseil pr\u00e9vu le 23 mars, le taux directeur inchang\u00e9 \u00e0 1,5%, selon les pr\u00e9visions de CDG Capital Insight. Le premier Conseil de Bank Al-Maghrib, au titre de l\u2019ann\u00e9e 2021, se tiendra le 23 mars pour d\u00e9cider de la conduite de la politique mon\u00e9taire. Le milieu des [&hellip;]<\/p>\n","protected":false},"author":1787,"featured_media":0,"comment_status":"closed","ping_status":"closed","sticky":false,"template":"","format":"standard","meta":{"fifu_image_url":"","fifu_image_alt":"","footnotes":""},"categories":[78,54],"tags":[],"class_list":["post-113091","post","type-post","status-publish","format-standard","hentry","category-economie","category-maroc"],"_links":{"self":[{"href":"https:\/\/linitiative.ca\/International\/wp-json\/wp\/v2\/posts\/113091","targetHints":{"allow":["GET"]}}],"collection":[{"href":"https:\/\/linitiative.ca\/International\/wp-json\/wp\/v2\/posts"}],"about":[{"href":"https:\/\/linitiative.ca\/International\/wp-json\/wp\/v2\/types\/post"}],"author":[{"embeddable":true,"href":"https:\/\/linitiative.ca\/International\/wp-json\/wp\/v2\/users\/1787"}],"replies":[{"embeddable":true,"href":"https:\/\/linitiative.ca\/International\/wp-json\/wp\/v2\/comments?post=113091"}],"version-history":[{"count":0,"href":"https:\/\/linitiative.ca\/International\/wp-json\/wp\/v2\/posts\/113091\/revisions"}],"wp:attachment":[{"href":"https:\/\/linitiative.ca\/International\/wp-json\/wp\/v2\/media?parent=113091"}],"wp:term":[{"taxonomy":"category","embeddable":true,"href":"https:\/\/linitiative.ca\/International\/wp-json\/wp\/v2\/categories?post=113091"},{"taxonomy":"post_tag","embeddable":true,"href":"https:\/\/linitiative.ca\/International\/wp-json\/wp\/v2\/tags?post=113091"}],"curies":[{"name":"wp","href":"https:\/\/api.w.org\/{rel}","templated":true}]}}