{"id":113092,"date":"2021-03-14T08:41:00","date_gmt":"2021-03-14T12:41:00","guid":{"rendered":"https:\/\/linitiative.ca\/International\/50-femmes-qui-comptent-amal-el-fallah-seghrouchni-directrice-du-centre-international-dintelligence-artificielle-du-maroc-a-luniversite-mohammed-vi-polytechnique-et-professeure-en\/"},"modified":"2021-03-14T08:41:00","modified_gmt":"2021-03-14T12:41:00","slug":"50-femmes-qui-comptent-amal-el-fallah-seghrouchni-directrice-du-centre-international-dintelligence-artificielle-du-maroc-a-luniversite-mohammed-vi-polytechnique-et-professeure-en","status":"publish","type":"post","link":"https:\/\/linitiative.ca\/International\/50-femmes-qui-comptent-amal-el-fallah-seghrouchni-directrice-du-centre-international-dintelligence-artificielle-du-maroc-a-luniversite-mohammed-vi-polytechnique-et-professeure-en\/","title":{"rendered":"50 femmes qui comptent : Amal El Fallah Seghrouchni, directrice du Centre International d\u2019intelligence artificielle du Maroc \u00e0 l\u2019Universit\u00e9 Mohammed VI Polytechnique et professeure en Universit\u00e9 de la Sorbonne"},"content":{"rendered":"<p><strong>Pour nous, il ne s\u2019agit pas de c\u00e9l\u00e9brer la journ\u00e9e de la femme, comme un cadeau annuel fait \u00e0 la gent f\u00e9minine. C\u2019est plut\u00f4t l\u2019occasion de faire le point sur un combat essentiel, celui de l\u2019\u00e9mancipation de la moiti\u00e9 de la population et l\u2019\u00e9valuation de son apport aux transformations sociales, ce que l\u2019on appelle commun\u00e9ment d\u00e9veloppement et qui ne se r\u00e9sume pas aux quantifications \u00e9conomiques. Pour cela, nous avons choisi de mettre en avant un riche panel, \u00e0 travers\u00a0ces portraits repr\u00e9sentatifs de cette g\u00e9n\u00e9ration de femmes qui s\u2019assument. Un portrait \u00e0 d\u00e9couvrir :<\/strong> <strong>Amal El Fallah Seghrouchni, directrice du Centre International d\u2019Intelligence Artificielle du Maroc \u00e0 l\u2019Universit\u00e9 Mohammed VI Polytechnique et professeure en Universit\u00e9 de la Sorbonne.<\/strong><\/p>\n<div class=\"c10\">\n<\/div>\n<p>L\u2019intelligence artificielle (IA) n\u2019a plus de secret pour elle. La marocaine Amal El Fallah Seghrouchni est, en effet, une experte internationale en la mati\u00e8re. Titulaire d\u2019un doctorat de l\u2019Universit\u00e9 Pierre et Marie Curie et d\u2019une habilitation \u00e0 diriger les recherches en intelligence artificielle, Amal El Fallah Seghrouchni est professeure de classe exceptionnelle \u00e0 la Sorbonne Universit\u00e9, \u00e0 la Facult\u00e9 des Sciences et d\u2019Ing\u00e9nierie. Elle y dirige le groupe de recherche Syst\u00e8mes Multi-Agents et co-anime l\u2019axe de recherche intelligence artificielle et sciences des donn\u00e9es au sein du laboratoire d\u2019Informatique de cette prestigieuse universit\u00e9. En 2020, elle a \u00e9t\u00e9 nomm\u00e9e\u00a0 \u00e0 la Commission Mondiale d\u2019\u00c9thique des Connaissances Scientifiques et des Technologies (COMEST) de l\u2019Unesco, pour un mandat de 4 ans (2020-2023). Notons que cette commission est compos\u00e9e de personnalit\u00e9s \u00e9minentes sp\u00e9cialistes des disciplines scientifiques, juridiques, philosophiques, culturelles et politiques, de diverses r\u00e9gions du monde et nomm\u00e9es par la directrice g\u00e9n\u00e9rale de l\u2019Unesco \u00e0 titre individuel.<\/p>\n<p><strong>Lire aussi | <a href=\"https:\/\/www.challenge.ma\/bam-devrait-maintenir-le-taux-directeur-inchange-selon-cdg-capital-insight-177958\/\" target=\"_blank\" rel=\"noreferrer noopener\">BAM devrait maintenir le taux directeur inchang\u00e9, selon CDG Capital Insight<\/a><\/strong><\/p>\n<p>Amal El Fallah Seghrouchni, qui vit \u00e0 cheval entre la France et le Maroc, a rejoint l\u2019Universit\u00e9 Mohammed VI Polytechnique (UM6P) en tant que directrice du Centre international d\u2019intelligence artificielle du Maroc. \u00ab En France comme au Maroc, des pr\u00e9jug\u00e9s d\u00e9valorisent les femmes et les comportements sexistes ne sont pas rares. Les femmes doivent prendre leur destin en main, s\u2019autonomiser, \u00e9duquer leurs enfants autrement pour pr\u00e9parer les g\u00e9n\u00e9rations futures, exiger des mesures p\u00e9rennes, au-del\u00e0 de la date anniversaire du 8 mars, pour garantir plus d\u2019\u00e9quit\u00e9 au foyer, plus de justice au travail et une meilleure repr\u00e9sentativit\u00e9 dans toutes les instances \u00bb, assure-t-elle.\u00a0<\/p>\n<p><strong>Lire aussi | <a href=\"https:\/\/www.challenge.ma\/covid-19-plus-de-9-personnes-sur-10-vaccinees-en-afrique-sont-marocaines-177950\/\" target=\"_blank\" rel=\"noreferrer noopener\">Covid-19 : plus de 9 personnes sur 10 vaccin\u00e9es en Afrique sont marocaines<\/a><\/strong><\/p>\n<p class=\"has-background c11\">Les femmes doivent prendre leur destin en main.<\/p>\n<figure class=\"wp-block-image size-large\"><a href=\"https:\/\/emag.challenge.ma\/780\/mobile\/index.html\" target=\"_blank\" rel=\"noopener\"><img decoding=\"async\" loading=\"lazy\" width=\"798\" height=\"1024\" src=\"https:\/\/www.challenge.ma\/wp-content\/uploads\/2021\/03\/Challenge-780-special-8-mars-798x1024.jpg\" alt=\"\" class=\"wp-image-177090\" srcset=\"https:\/\/www.challenge.ma\/wp-content\/uploads\/2021\/03\/Challenge-780-special-8-mars-798x1024.jpg 798w, https:\/\/www.challenge.ma\/wp-content\/uploads\/2021\/03\/Challenge-780-special-8-mars-234x300.jpg 234w, https:\/\/www.challenge.ma\/wp-content\/uploads\/2021\/03\/Challenge-780-special-8-mars-768x986.jpg 768w, https:\/\/www.challenge.ma\/wp-content\/uploads\/2021\/03\/Challenge-780-special-8-mars-360x462.jpg 360w, https:\/\/www.challenge.ma\/wp-content\/uploads\/2021\/03\/Challenge-780-special-8-mars-750x962.jpg 750w, https:\/\/www.challenge.ma\/wp-content\/uploads\/2021\/03\/Challenge-780-special-8-mars.jpg 1013w\" sizes=\"auto, (max-width: 798px) 100vw, 798px\"\/><\/a><\/figure>\n<p>Auteur: challenge<br \/>\n<a href=\"https:\/\/www.challenge.ma\/50-femmes-qui-comptent-amal-el-fallah-seghrouchni-directrice-du-centre-international-dintelligence-artificielle-du-maroc-a-luniversite-mohammed-vi-polytechnique-et-professeure-en-177852\/\">Cliquez ici pour lire l&rsquo;article depuis sa source.<\/a><\/p>\n","protected":false},"excerpt":{"rendered":"<p>Pour nous, il ne s\u2019agit pas de c\u00e9l\u00e9brer la journ\u00e9e de la femme, comme un cadeau annuel fait \u00e0 la gent f\u00e9minine. C\u2019est plut\u00f4t l\u2019occasion de faire le point sur un combat essentiel, celui de l\u2019\u00e9mancipation de la moiti\u00e9 de la population et l\u2019\u00e9valuation de son apport aux transformations sociales, ce que l\u2019on appelle commun\u00e9ment [&hellip;]<\/p>\n","protected":false},"author":1787,"featured_media":0,"comment_status":"closed","ping_status":"closed","sticky":false,"template":"","format":"standard","meta":{"fifu_image_url":"https:\/\/www.challenge.ma\/wp-content\/uploads\/2021\/03\/Challenge-780-special-8-mars-798x1024.jpg","fifu_image_alt":"50 femmes qui comptent : Amal El Fallah Seghrouchni, directrice du Centre International d\u2019intelligence artificielle du Maroc \u00e0 l\u2019Universit\u00e9 Mohammed VI Polytechnique et professeure en Universit\u00e9 de la Sorbonne","footnotes":""},"categories":[78,54],"tags":[],"class_list":["post-113092","post","type-post","status-publish","format-standard","hentry","category-economie","category-maroc"],"_links":{"self":[{"href":"https:\/\/linitiative.ca\/International\/wp-json\/wp\/v2\/posts\/113092","targetHints":{"allow":["GET"]}}],"collection":[{"href":"https:\/\/linitiative.ca\/International\/wp-json\/wp\/v2\/posts"}],"about":[{"href":"https:\/\/linitiative.ca\/International\/wp-json\/wp\/v2\/types\/post"}],"author":[{"embeddable":true,"href":"https:\/\/linitiative.ca\/International\/wp-json\/wp\/v2\/users\/1787"}],"replies":[{"embeddable":true,"href":"https:\/\/linitiative.ca\/International\/wp-json\/wp\/v2\/comments?post=113092"}],"version-history":[{"count":0,"href":"https:\/\/linitiative.ca\/International\/wp-json\/wp\/v2\/posts\/113092\/revisions"}],"wp:attachment":[{"href":"https:\/\/linitiative.ca\/International\/wp-json\/wp\/v2\/media?parent=113092"}],"wp:term":[{"taxonomy":"category","embeddable":true,"href":"https:\/\/linitiative.ca\/International\/wp-json\/wp\/v2\/categories?post=113092"},{"taxonomy":"post_tag","embeddable":true,"href":"https:\/\/linitiative.ca\/International\/wp-json\/wp\/v2\/tags?post=113092"}],"curies":[{"name":"wp","href":"https:\/\/api.w.org\/{rel}","templated":true}]}}