{"id":113093,"date":"2021-03-14T09:02:58","date_gmt":"2021-03-14T13:02:58","guid":{"rendered":"https:\/\/linitiative.ca\/International\/industrie-pharmaceutique-les-operateurs-marocains-tres-remontes-contre-khalid-ait-taleb\/"},"modified":"2021-03-14T09:02:58","modified_gmt":"2021-03-14T13:02:58","slug":"industrie-pharmaceutique-les-operateurs-marocains-tres-remontes-contre-khalid-ait-taleb","status":"publish","type":"post","link":"https:\/\/linitiative.ca\/International\/industrie-pharmaceutique-les-operateurs-marocains-tres-remontes-contre-khalid-ait-taleb\/","title":{"rendered":"Industrie pharmaceutique : les op\u00e9rateurs marocains tr\u00e8s remont\u00e9s contre Khalid A\u00eft Taleb"},"content":{"rendered":"<p><strong>Autant pour la pr\u00e9paration la Loi relative \u00e0 la protection des personnes participantes aux recherches biom\u00e9dicales que l\u2019adjudication du projet de d\u00e9mat\u00e9rialisation de l\u2019octroi d\u2019autorisations de mise sur le march\u00e9 (AMM), les op\u00e9rateurs locaux reprochent au ministre de la Sant\u00e9, Khalid A\u00eft Taleb, de traiter uniquement avec les filiales de laboratoires pharmaceutiques \u00e9trangers implant\u00e9es dans le Royaume plut\u00f4t que les labos marocains.<\/strong><\/p>\n<div class=\"c10\">\n<\/div>\n<p>Les producteurs de m\u00e9dicaments r\u00e9unis au sein de la F\u00e9d\u00e9ration Marocaine de l\u2019Industrie et de l\u2019Innovation Pharmaceutiques (FMIIP\/ex-AMIP) disent ne pas comprendre \u00e0 quoi joue le ministre de la Sant\u00e9, Khalid A\u00eft Taleb.\u00a0 Ils reprochent \u00e0 ce dernier non seulement de les avoir \u00e9cart\u00e9s de la pr\u00e9paration la Loi n\u00b0 28-13 relative \u00e0 la protection des personnes participantes aux recherches biom\u00e9dicales. Mais ce qui a surtout provoqu\u00e9 la fureur des industriels de la FMIIP est que la tutelle a pr\u00e9f\u00e9r\u00e9 associer le LEMM (Les Entreprises du M\u00e9dicament au Maroc) aux discussions plut\u00f4t que les laboratoires pharmaceutiques nationaux. \u00ab\u00a0Nous avons \u00e9crit \u00e0 notre ministre pour lui dire que nous devrions participer \u00e0 la pr\u00e9paration de ce texte de loi. Nous estimons que notre f\u00e9d\u00e9ration repr\u00e9sente les trois quarts du march\u00e9 des m\u00e9dicaments, 90 % des investissements, et 90 % des g\u00e9n\u00e9riques. Il est anormal que nous ne soyons pas associ\u00e9s. Nous lui avons fait part de notre \u00e9tonnement de l\u2019association de LEMM \u00e0 la pr\u00e9paration du projet et non pas les laboratoires nationaux\u00a0\u00bb, souligne Ali Sedrati, pr\u00e9sident de la FMIIP.<\/p>\n<p>En tous les cas, les industriels marocains sont aujourd\u2019hui un fait accompli. En effet, le Conseil du gouvernement vient d\u2019adopter les textes d\u2019application de la Loi n\u00b0 28-13 relative \u00e0 la protection des personnes participantes aux recherches biom\u00e9dicales. Ces textes permettront d\u2019organiser et d\u2019encadrer la recherche et les essais cliniques au Royaume. Ils permettront aussi de soutenir la mise en place d\u2019un \u00e9cosyst\u00e8me qui leur sera d\u00e9di\u00e9.\u00a0 D\u2019apr\u00e8s les experts du secteur, l\u2019industrie de la recherche pourrait g\u00e9n\u00e9rer un chiffre d\u2019affaires avoisinant le milliard de DH au Maroc.\u00a0<\/p>\n<p><strong>Lire aussi|<a href=\"https:\/\/www.challenge.ma\/bam-devrait-maintenir-le-taux-directeur-inchange-selon-cdg-capital-insight-177958\/\">BAM devrait maintenir le taux directeur inchang\u00e9, selon CDG Capital Insight<\/a><\/strong><\/p>\n<p>Il faut dire que les industriels locaux membres de la FMIIP, coopt\u00e9e par la Conf\u00e9d\u00e9ration g\u00e9n\u00e9rale des entreprises du Maroc (CGEM) en tant que F\u00e9d\u00e9ration sectorielle statutaire externe, ne sont pas au bout de leur peine. Ils ont \u00e9crit \u00e9galement \u00e0 Khalid A\u00eft Taleb pour lui demander d\u2019\u00eatre associ\u00e9s au projet de pr\u00e9figuration du nouveau circuit d\u00e9mat\u00e9rialis\u00e9 d\u2019autorisations de mise sur le march\u00e9 (AMM) du minist\u00e8re de la Sant\u00e9. L\u00e0 \u00e9galement, les labos marocains de dig\u00e8rent pas que la tutelle \u00e0 travers sa Direction du m\u00e9dicament et de la pharmacie (DMP), ait choisi de se rapprocher des filiales de laboratoires pharmaceutiques \u00e9trangers implant\u00e9es dans le Royaume et regroup\u00e9es au sein du LEMM.<\/p>\n<p>Pour les labos locaux, l\u2019adjudication de cette plateforme pour d\u00e9mat\u00e9rialiser l\u2019octroi d\u2019autorisations de mise sur le march\u00e9 (AMM) que la DMP pr\u00e9voit d\u2019instaurer, doit prendre en compte beaucoup de facteurs, notamment la s\u00e9curit\u00e9, de confidentialit\u00e9. \u00ab\u00a0C\u2019est une question tr\u00e8s sensible. Il s\u2019agit de donn\u00e9es que l\u2019on ne peut pas laisser entre les mains de n\u2019importe ou de la concurrence\u00a0\u00bb, pr\u00e9vient le pr\u00e9sident de la FMIIP, qui tient \u00e0 pr\u00e9ciser qu\u2019ils n\u2019ont rien contre le LEMM.<\/p>\n<p><strong>Lire aussi|<a href=\"https:\/\/www.challenge.ma\/covid-19-plus-de-9-personnes-sur-10-vaccinees-en-afrique-sont-marocaines-177950\/\">Covid-19 : plus de 9 personnes sur 10 vaccin\u00e9es en Afrique sont marocaines<\/a><\/strong><\/p>\n<p>Auteur: Adama Sylla<br \/>\n<a href=\"https:\/\/www.challenge.ma\/industrie-pharmaceutique-les-operateurs-marocains-tres-remontes-contre-khalid-ait-taleb-177972\/\">Cliquez ici pour lire l&rsquo;article depuis sa source.<\/a><\/p>\n","protected":false},"excerpt":{"rendered":"<p>Autant pour la pr\u00e9paration la Loi relative \u00e0 la protection des personnes participantes aux recherches biom\u00e9dicales que l\u2019adjudication du projet de d\u00e9mat\u00e9rialisation de l\u2019octroi d\u2019autorisations de mise sur le march\u00e9 (AMM), les op\u00e9rateurs locaux reprochent au ministre de la Sant\u00e9, Khalid A\u00eft Taleb, de traiter uniquement avec les filiales de laboratoires pharmaceutiques \u00e9trangers implant\u00e9es dans [&hellip;]<\/p>\n","protected":false},"author":1787,"featured_media":0,"comment_status":"closed","ping_status":"closed","sticky":false,"template":"","format":"standard","meta":{"fifu_image_url":"","fifu_image_alt":"","footnotes":""},"categories":[78,54],"tags":[],"class_list":["post-113093","post","type-post","status-publish","format-standard","hentry","category-economie","category-maroc"],"_links":{"self":[{"href":"https:\/\/linitiative.ca\/International\/wp-json\/wp\/v2\/posts\/113093","targetHints":{"allow":["GET"]}}],"collection":[{"href":"https:\/\/linitiative.ca\/International\/wp-json\/wp\/v2\/posts"}],"about":[{"href":"https:\/\/linitiative.ca\/International\/wp-json\/wp\/v2\/types\/post"}],"author":[{"embeddable":true,"href":"https:\/\/linitiative.ca\/International\/wp-json\/wp\/v2\/users\/1787"}],"replies":[{"embeddable":true,"href":"https:\/\/linitiative.ca\/International\/wp-json\/wp\/v2\/comments?post=113093"}],"version-history":[{"count":0,"href":"https:\/\/linitiative.ca\/International\/wp-json\/wp\/v2\/posts\/113093\/revisions"}],"wp:attachment":[{"href":"https:\/\/linitiative.ca\/International\/wp-json\/wp\/v2\/media?parent=113093"}],"wp:term":[{"taxonomy":"category","embeddable":true,"href":"https:\/\/linitiative.ca\/International\/wp-json\/wp\/v2\/categories?post=113093"},{"taxonomy":"post_tag","embeddable":true,"href":"https:\/\/linitiative.ca\/International\/wp-json\/wp\/v2\/tags?post=113093"}],"curies":[{"name":"wp","href":"https:\/\/api.w.org\/{rel}","templated":true}]}}