{"id":113094,"date":"2021-03-14T12:23:12","date_gmt":"2021-03-14T16:23:12","guid":{"rendered":"https:\/\/linitiative.ca\/International\/50-femmes-qui-comptent-nadia-el-baroudi-kostrikis-avocate-europeenne-au-barreau-de-chypre-et-avocate-au-barreau-de-paris\/"},"modified":"2021-03-14T12:23:12","modified_gmt":"2021-03-14T16:23:12","slug":"50-femmes-qui-comptent-nadia-el-baroudi-kostrikis-avocate-europeenne-au-barreau-de-chypre-et-avocate-au-barreau-de-paris","status":"publish","type":"post","link":"https:\/\/linitiative.ca\/International\/50-femmes-qui-comptent-nadia-el-baroudi-kostrikis-avocate-europeenne-au-barreau-de-chypre-et-avocate-au-barreau-de-paris\/","title":{"rendered":"50 femmes qui comptent : Nadia El Baroudi-Kostrikis, avocate europ\u00e9enne au Barreau de Chypre et avocate au Barreau de Paris"},"content":{"rendered":"<p><strong>Pour nous, il ne s\u2019agit pas de c\u00e9l\u00e9brer la journ\u00e9e de la femme, comme un cadeau annuel fait \u00e0 la gent f\u00e9minine. C\u2019est plut\u00f4t l\u2019occasion de faire le point sur un combat essentiel, celui de l\u2019\u00e9mancipation de la moiti\u00e9 de la population et l\u2019\u00e9valuation de son apport aux transformations sociales, ce que l\u2019on appelle commun\u00e9ment d\u00e9veloppement et qui ne se r\u00e9sume pas aux quantifications \u00e9conomiques. Pour cela, nous avons choisi de mettre en avant un riche panel, \u00e0 travers\u00a0ces portraits repr\u00e9sentatifs de cette g\u00e9n\u00e9ration de femmes qui s\u2019assument. Un portrait \u00e0 d\u00e9couvrir :<\/strong> <strong>Nadia El Baroudi-Kostrikis , avocate europ\u00e9enne au Barreau de Chypre et avocate au Barreau de Paris.<\/strong><\/p>\n<div class=\"c10\">\n<\/div>\n<p>Son cabinet d\u2019avocat international bas\u00e9 \u00e0 Nicosie en Chypre offre des services ex\u00e9cutifs et juridiques \u00e0 des clients internationaux en Europe et en Afrique du Nord. Form\u00e9e aux \u00c9tats-Unis, au Maroc, en France et en Angleterre, ma\u00eetre El Baroudi-Kostrikis a acquis une solide exp\u00e9rience internationale. Apr\u00e8s avoir travaill\u00e9 \u00e0 New-York pendant plusieurs ann\u00e9es avant de se former \u00e0 Londres en droit de l\u2019arbitrage international pour obtenir le titre de Fellow du Chartered Institute of Arbitrators (CIArb) et exercer son activit\u00e9 en tant qu\u2019arbitre international ind\u00e9pendant. Cette marocaine de naissance et chypriote par mariage a obtenu sa ma\u00eetrise en droit \u00e0 la facult\u00e9 de droit de l\u2019Universit\u00e9 Hassan II de Casablanca, puis un dipl\u00f4me de troisi\u00e8me cycle et un doctorat en droit \u00e0 la facult\u00e9 de droit de l\u2019Universit\u00e9 de Montpellier en France, sous la direction de feu professeur Didier Ferrier.<\/p>\n<p><strong>Lire aussi | <a href=\"https:\/\/www.challenge.ma\/amzazi-planche-sur-les-examens-de-fin-dannee-177816\/\" target=\"_blank\" rel=\"noreferrer noopener\">Amzazi planche sur les examens de fin d\u2019ann\u00e9e<\/a><\/strong><\/p>\n<p>Ce beau parcours universitaire et professionnel de ma\u00eetre El Baroudi-Kostrikis a \u00e9t\u00e9 fortement marqu\u00e9 par deux femmes d\u2019exception. Sa m\u00e8re, pionni\u00e8re dans sa profession pour qui les \u00e9tudes universitaires et l\u2019ind\u00e9pendance professionnelle et financi\u00e8re \u00e9taient essentielles, et Patti Cadby Birch qui l\u2019a initi\u00e9e au monde de l\u2019art et qui lui a permis de participer \u00e0 des projets valorisant le patrimoine culturel marocain \u00e0 l\u2019\u00e9tranger comme au Maroc.\u00a0Engag\u00e9e \u00e9galement pour la parit\u00e9 hommes-femmes, Ma\u00eetre El Baroudi-Kostrikis estime que celle-ci \u00ab d\u00e9pendra beaucoup de la mani\u00e8re dont elle se manifeste au sein des familles et l\u2019exemple que nous donnons \u00e0 nos enfants \u00bb. Elle estime aussi que l\u2019un des enjeux les plus importants sera de combattre les st\u00e9r\u00e9otypes \u00e0 l\u2019\u00e9cole qui influencent la formation p\u00e9dagogique et l\u2019orientation des filles. Les femmes doivent selon elle pouvoir acc\u00e9der aux \u00e9tudes leur permettant de s\u2019inscrire dans les nouveaux mod\u00e8les \u00e9conomiques qui se d\u00e9veloppent autour de l\u2019imp\u00e9ratif d\u2019innovation.<\/p>\n<p><strong>Lire aussi | <a href=\"https:\/\/www.challenge.ma\/industrie-pharmaceutique-les-operateurs-marocains-tres-remontes-contre-khalid-ait-taleb-177972\/\" target=\"_blank\" rel=\"noreferrer noopener\"><a href=\"https:\/\/www.challenge.ma\/industrie-pharmaceutique-les-operateurs-marocains-tres-remontes-contre-khalid-ait-taleb-177972\/\">Industrie pharmaceutique : les op\u00e9rateurs marocains tr\u00e8s remont\u00e9s contre Khalid A\u00eft Taleb<\/a><\/strong><\/p>\n<p class=\"has-background c11\">La parit\u00e9 hommes-femmes d\u00e9pendra beaucoup de la mani\u00e8re dont elle se manifeste au sein des familles et l\u2019exemple que nous donnons \u00e0 nos enfants.\u00a0<\/p>\n<figure class=\"wp-block-image size-large\"><a href=\"https:\/\/emag.challenge.ma\/780\/mobile\/index.html\" target=\"_blank\" rel=\"noopener\"><img decoding=\"async\" loading=\"lazy\" width=\"798\" height=\"1024\" src=\"https:\/\/www.challenge.ma\/wp-content\/uploads\/2021\/03\/Challenge-780-special-8-mars-798x1024.jpg\" alt=\"\" class=\"wp-image-177090\" srcset=\"https:\/\/www.challenge.ma\/wp-content\/uploads\/2021\/03\/Challenge-780-special-8-mars-798x1024.jpg 798w, https:\/\/www.challenge.ma\/wp-content\/uploads\/2021\/03\/Challenge-780-special-8-mars-234x300.jpg 234w, https:\/\/www.challenge.ma\/wp-content\/uploads\/2021\/03\/Challenge-780-special-8-mars-768x986.jpg 768w, https:\/\/www.challenge.ma\/wp-content\/uploads\/2021\/03\/Challenge-780-special-8-mars-360x462.jpg 360w, https:\/\/www.challenge.ma\/wp-content\/uploads\/2021\/03\/Challenge-780-special-8-mars-750x962.jpg 750w, https:\/\/www.challenge.ma\/wp-content\/uploads\/2021\/03\/Challenge-780-special-8-mars.jpg 1013w\" sizes=\"auto, (max-width: 798px) 100vw, 798px\"\/><\/a><\/figure>\n<p>Auteur: challenge<br \/>\n<a href=\"https:\/\/www.challenge.ma\/50-femmes-qui-comptent-nadia-el-baroudi-kostrikis-avocate-europeenne-au-barreau-de-chypre-et-avocate-au-barreau-de-paris-177841\/\">Cliquez ici pour lire l&rsquo;article depuis sa source.<\/a><\/p>\n","protected":false},"excerpt":{"rendered":"<p>Pour nous, il ne s\u2019agit pas de c\u00e9l\u00e9brer la journ\u00e9e de la femme, comme un cadeau annuel fait \u00e0 la gent f\u00e9minine. C\u2019est plut\u00f4t l\u2019occasion de faire le point sur un combat essentiel, celui de l\u2019\u00e9mancipation de la moiti\u00e9 de la population et l\u2019\u00e9valuation de son apport aux transformations sociales, ce que l\u2019on appelle commun\u00e9ment [&hellip;]<\/p>\n","protected":false},"author":1787,"featured_media":0,"comment_status":"closed","ping_status":"closed","sticky":false,"template":"","format":"standard","meta":{"fifu_image_url":"https:\/\/www.challenge.ma\/wp-content\/uploads\/2021\/03\/Challenge-780-special-8-mars-798x1024.jpg","fifu_image_alt":"50 femmes qui comptent : Nadia El Baroudi-Kostrikis, avocate europ\u00e9enne au Barreau de Chypre et avocate au Barreau de Paris","footnotes":""},"categories":[78,54],"tags":[],"class_list":["post-113094","post","type-post","status-publish","format-standard","hentry","category-economie","category-maroc"],"_links":{"self":[{"href":"https:\/\/linitiative.ca\/International\/wp-json\/wp\/v2\/posts\/113094","targetHints":{"allow":["GET"]}}],"collection":[{"href":"https:\/\/linitiative.ca\/International\/wp-json\/wp\/v2\/posts"}],"about":[{"href":"https:\/\/linitiative.ca\/International\/wp-json\/wp\/v2\/types\/post"}],"author":[{"embeddable":true,"href":"https:\/\/linitiative.ca\/International\/wp-json\/wp\/v2\/users\/1787"}],"replies":[{"embeddable":true,"href":"https:\/\/linitiative.ca\/International\/wp-json\/wp\/v2\/comments?post=113094"}],"version-history":[{"count":0,"href":"https:\/\/linitiative.ca\/International\/wp-json\/wp\/v2\/posts\/113094\/revisions"}],"wp:attachment":[{"href":"https:\/\/linitiative.ca\/International\/wp-json\/wp\/v2\/media?parent=113094"}],"wp:term":[{"taxonomy":"category","embeddable":true,"href":"https:\/\/linitiative.ca\/International\/wp-json\/wp\/v2\/categories?post=113094"},{"taxonomy":"post_tag","embeddable":true,"href":"https:\/\/linitiative.ca\/International\/wp-json\/wp\/v2\/tags?post=113094"}],"curies":[{"name":"wp","href":"https:\/\/api.w.org\/{rel}","templated":true}]}}