{"id":113097,"date":"2021-03-14T16:41:10","date_gmt":"2021-03-14T20:41:10","guid":{"rendered":"https:\/\/linitiative.ca\/International\/la-mahdia-chihoub-photos-le-gouverneur-inaugure-le-centre-de-formation-de-la-fille-rurale\/"},"modified":"2021-03-14T16:41:10","modified_gmt":"2021-03-14T20:41:10","slug":"la-mahdia-chihoub-photos-le-gouverneur-inaugure-le-centre-de-formation-de-la-fille-rurale","status":"publish","type":"post","link":"https:\/\/linitiative.ca\/International\/la-mahdia-chihoub-photos-le-gouverneur-inaugure-le-centre-de-formation-de-la-fille-rurale\/","title":{"rendered":"La Mahdia- Chihoub [PHOTOS]: Le Gouverneur inaugure le Centre de Formation de la Fille Rurale"},"content":{"rendered":"<div class=\"post-cont-in left relative\">\n<div id=\"post-info-wrap\" class=\"left relative post-info-out\">\n<div class=\"post-info-img left relative\"><img decoding=\"async\" alt=\"\" src=\"https:\/\/secure.gravatar.com\/avatar\/ea481d7287ad38ca1787f44b5bb1b70e?s=50&amp;d=mm&amp;r=g\" srcset=\"https:\/\/secure.gravatar.com\/avatar\/ea481d7287ad38ca1787f44b5bb1b70e?s=100&amp;d=mm&amp;r=g 2x\" class=\"avatar avatar-50 photo\" height=\"50\" width=\"50\" loading=\"lazy\"\/><\/div>\n<div class=\"post-info-in\">\n<div class=\"post-info-right left relative post-info-name left relative\"><span><span class=\"post-info-text\">Par<\/span> <span class=\"author-name vcard fn author\"><a href=\"https:\/\/www.tunisienumerique.com\/author\/rania-ben-slimane\/\" title=\"Articles par rania ben slimane\" rel=\"author\">rania ben slimane<\/a><\/span><\/span> <span class=\"post-date updated\"><time class=\"post-date updated\" datetime=\"2021-03-14\">\u00a0| Il y a 10 secondes<\/time><\/span><br \/>\n<meta itemprop=\"dateModified\" content=\"2021-03-14\"\/><\/div>\n<div class=\"left relative\"><button id=\"listenButton1\" class=\"responsivevoice-button\" type=\"button\" value=\"Play\" title=\"\u00c9coutez l'article\"><span>\ud83d\udd0a \u00c9coutez l&rsquo;article<\/span><\/button>\n<\/div>\n<\/div>\n<\/div>\n<p>Le gouverneur de la Mahdia, Abdelfattah Chakchouk a supervis\u00e9 le 14 mars 2021, l\u2019inauguration du Centre de Formation de la Fille Rurale \u00e0 Hiboun et ce en pr\u00e9sence de la Pr\u00e9sidente de l\u2019Union R\u00e9gionale des Femmes Tunisiennes, le Directeur de la Fondation Mahdco et les repr\u00e9sentants des Club Rotary \u00ab Cap Afrique\u201d \u2013 la Mahdia et de Sidi Bou Said, ainsi qu\u2019un repr\u00e9sentant de l\u2019institution financi\u00e8re Tunisian International Bank TIB, et un certain nombre de cadres r\u00e9gionaux et locaux.<\/p>\n<div class=\"code-block code-block-1 c4\">\n <ins class=\"adsbygoogle c3\" data-ad-layout=\"in-article\" data-ad-format=\"fluid\" data-ad-client=\"ca-pub-2102118777505746\" data-ad-slot=\"7301775417\"\/>\n<\/div>\n<p>Chakchouk a examin\u00e9 les composantes du centre affili\u00e9 \u00e0 l\u2019Union r\u00e9gionale des femmes de Mahdia apr\u00e8s avoir \u00e9t\u00e9 \u00e9quip\u00e9 pour dispenser des cours de formation dans de nouvelles sp\u00e9cialit\u00e9s dans le domaine de la p\u00e2tisserie, la coiffure et la couture en plus des sp\u00e9cialit\u00e9s en broderie \u00e0 la main et en \u00e9ducation des adultes. Ces formations s\u2019adressent aux jeunes et aux femmes souhaitant d\u00e9velopper leurs comp\u00e9tences.<\/p>\n<p>Il convient de noter que le gouvernorat de la Mahdia, l\u2019Union R\u00e9gionale des Femmes, la Fondation Vitaly, la Fondation Mahdco, la TIB, les clubs Rotary Club de Sidi Bou Sa\u00efd et de Cap Africa \u2013 la Mahdia ont contribu\u00e9 au processus de la pr\u00e9paration du si\u00e8ge, l\u2019\u00e9quipement et le lancement de la formation.<\/p>\n<p>A cette occasion, le gouverneur a salu\u00e9 les efforts fournis par toutes les parties prenantes pour r\u00e9aliser cet espace de formation, \u00e9largir et diversifier les domaines et sp\u00e9cialisations qu\u2019il offrira aux jeunes form\u00e9s afin de les pr\u00e9parer et les accompagner et les accompagner dans la r\u00e9alisation de leurs propres projets.<\/p>\n<p><img decoding=\"async\" loading=\"lazy\" class=\"wp-image-638874 alignleft\" src=\"https:\/\/www.tunisienumerique.com\/wp-content\/uploads\/2021\/03\/centre-de-formation-la-mahdia4.jpg\" alt=\"\" width=\"359\" height=\"202\" srcset=\"https:\/\/www.tunisienumerique.com\/wp-content\/uploads\/2021\/03\/centre-de-formation-la-mahdia4.jpg 960w, https:\/\/www.tunisienumerique.com\/wp-content\/uploads\/2021\/03\/centre-de-formation-la-mahdia4-768x432.jpg 768w, https:\/\/www.tunisienumerique.com\/wp-content\/uploads\/2021\/03\/centre-de-formation-la-mahdia4-600x338.jpg 600w\" sizes=\"auto, (max-width: 359px) 100vw, 359px\"\/><\/p>\n<p><img decoding=\"async\" loading=\"lazy\" class=\"wp-image-638873 aligncenter\" src=\"https:\/\/www.tunisienumerique.com\/wp-content\/uploads\/2021\/03\/centre-de-formation-la-mahdia2-1.jpg\" alt=\"\" width=\"369\" height=\"208\" srcset=\"https:\/\/www.tunisienumerique.com\/wp-content\/uploads\/2021\/03\/centre-de-formation-la-mahdia2-1.jpg 960w, https:\/\/www.tunisienumerique.com\/wp-content\/uploads\/2021\/03\/centre-de-formation-la-mahdia2-1-768x432.jpg 768w, https:\/\/www.tunisienumerique.com\/wp-content\/uploads\/2021\/03\/centre-de-formation-la-mahdia2-1-600x338.jpg 600w\" sizes=\"auto, (max-width: 369px) 100vw, 369px\"\/><\/p>\n<p><img decoding=\"async\" loading=\"lazy\" class=\"wp-image-638872 aligncenter\" src=\"https:\/\/www.tunisienumerique.com\/wp-content\/uploads\/2021\/03\/centre-de-formation-la-mahdi3.jpg\" alt=\"\" width=\"553\" height=\"311\" srcset=\"https:\/\/www.tunisienumerique.com\/wp-content\/uploads\/2021\/03\/centre-de-formation-la-mahdi3.jpg 960w, https:\/\/www.tunisienumerique.com\/wp-content\/uploads\/2021\/03\/centre-de-formation-la-mahdi3-768x432.jpg 768w, https:\/\/www.tunisienumerique.com\/wp-content\/uploads\/2021\/03\/centre-de-formation-la-mahdi3-600x338.jpg 600w\" sizes=\"auto, (max-width: 553px) 100vw, 553px\"\/><\/p>\n<p><img decoding=\"async\" loading=\"lazy\" class=\"size-full wp-image-638870 aligncenter\" src=\"https:\/\/www.tunisienumerique.com\/wp-content\/uploads\/2021\/03\/centre-de-formation-la-mahdia1-1.jpg\" alt=\"\" width=\"540\" height=\"960\"\/><\/p>\n<div class=\"swp_social_panel swp_horizontal_panel swp_flat_fresh swp_default_full_color swp_individual_full_color swp_other_full_color scale-100 scale-\" data-min-width=\"1100\" data-float-color=\"#ffffff\" data-float=\"bottom\" data-float-mobile=\"bottom\" data-transition=\"slide\">\n<div class=\"nc_tweetContainer swp_share_button total_shares total_sharesalt\"><span class=\"swp_count\">0 <span class=\"swp_label\">Partages<\/span><\/span><\/div>\n<\/div>\n<p><strong>Que se passe-t-il en Tunisie?<\/strong><br \/>Nous expliquons sur notre <a href=\"https:\/\/www.youtube.com\/channel\/UCRzypVq0B_yBad5eGrwBx0Q?sub_confirmation=1\" target=\"_blank\" rel=\"noopener\">cha\u00eene YouTube<\/a> . <a href=\"https:\/\/www.youtube.com\/channel\/UCRzypVq0B_yBad5eGrwBx0Q?sub_confirmation=1\" target=\"_blank\" rel=\"noopener\">Abonnez-vous!<\/a><\/p>\n<div class=\"mvp-org-wrap\" itemprop=\"publisher\">\n<div class=\"mvp-org-logo\" itemprop=\"logo\"><img decoding=\"async\" src=\"https:\/\/www.tunisienumerique.com\/wp-content\/uploads\/2017\/02\/logo_tunisie_numerique.png\"\/><br \/>\n<meta itemprop=\"url\" content=\"https:\/\/www.tunisienumerique.com\/wp-content\/uploads\/2017\/02\/logo_tunisie_numerique.png\"\/><\/div>\n<p><meta content=\"Tunisie\"\/><\/div>\n<div class=\"mvp-related-posts left relative\">\n<h4 class=\"post-header\"><span class=\"post-header\">Lire aussi<\/span><\/h4>\n<\/div>\n<div id=\"article-ad\">\n <ins class=\"adsbygoogle c5\" data-ad-client=\"ca-pub-2102118777505746\" data-ad-slot=\"6513972734\" data-ad-format=\"auto\" data-full-width-responsive=\"true\"\/>\n<\/div>\n<\/div>\n<div id=\"post-sidebar-wrap\">\n <ins class=\"adsbygoogle c5\" data-ad-client=\"ca-pub-2102118777505746\" data-ad-slot=\"6168283410\" data-ad-format=\"auto\" data-full-width-responsive=\"true\"\/>\n<\/div>\n<p>Auteur: rania ben slimane<br \/>\n<a href=\"https:\/\/www.tunisienumerique.com\/la-mahdia-chihoub-photos-le-gouverneur-inaugure-le-centre-de-formation-de-la-fille-rurale\/\">Cliquez ici pour lire l&rsquo;article depuis sa source.<\/a><\/p>\n","protected":false},"excerpt":{"rendered":"<p>Par rania ben slimane \u00a0| Il y a 10 secondes \ud83d\udd0a \u00c9coutez l&rsquo;article Le gouverneur de la Mahdia, Abdelfattah Chakchouk a supervis\u00e9 le 14 mars 2021, l\u2019inauguration du Centre de Formation de la Fille Rurale \u00e0 Hiboun et ce en pr\u00e9sence de la Pr\u00e9sidente de l\u2019Union R\u00e9gionale des Femmes Tunisiennes, le Directeur de la Fondation [&hellip;]<\/p>\n","protected":false},"author":1789,"featured_media":0,"comment_status":"closed","ping_status":"closed","sticky":false,"template":"","format":"standard","meta":{"fifu_image_url":"https:\/\/secure.gravatar.com\/avatar\/ea481d7287ad38ca1787f44b5bb1b70e?s=50&d=mm&r=g","fifu_image_alt":"La Mahdia- Chihoub [PHOTOS]: Le Gouverneur inaugure le Centre de Formation de la Fille Rurale","footnotes":""},"categories":[73,55],"tags":[],"class_list":["post-113097","post","type-post","status-publish","format-standard","hentry","category-actualite","category-tunisie"],"_links":{"self":[{"href":"https:\/\/linitiative.ca\/International\/wp-json\/wp\/v2\/posts\/113097","targetHints":{"allow":["GET"]}}],"collection":[{"href":"https:\/\/linitiative.ca\/International\/wp-json\/wp\/v2\/posts"}],"about":[{"href":"https:\/\/linitiative.ca\/International\/wp-json\/wp\/v2\/types\/post"}],"author":[{"embeddable":true,"href":"https:\/\/linitiative.ca\/International\/wp-json\/wp\/v2\/users\/1789"}],"replies":[{"embeddable":true,"href":"https:\/\/linitiative.ca\/International\/wp-json\/wp\/v2\/comments?post=113097"}],"version-history":[{"count":0,"href":"https:\/\/linitiative.ca\/International\/wp-json\/wp\/v2\/posts\/113097\/revisions"}],"wp:attachment":[{"href":"https:\/\/linitiative.ca\/International\/wp-json\/wp\/v2\/media?parent=113097"}],"wp:term":[{"taxonomy":"category","embeddable":true,"href":"https:\/\/linitiative.ca\/International\/wp-json\/wp\/v2\/categories?post=113097"},{"taxonomy":"post_tag","embeddable":true,"href":"https:\/\/linitiative.ca\/International\/wp-json\/wp\/v2\/tags?post=113097"}],"curies":[{"name":"wp","href":"https:\/\/api.w.org\/{rel}","templated":true}]}}