{"id":113098,"date":"2021-03-14T16:53:26","date_gmt":"2021-03-14T20:53:26","guid":{"rendered":"https:\/\/linitiative.ca\/International\/tunisie-video-sami-fehri-sadresse-aux-tunisiens-avant-de-se-livrer-aux-autorites\/"},"modified":"2021-03-14T16:53:26","modified_gmt":"2021-03-14T20:53:26","slug":"tunisie-video-sami-fehri-sadresse-aux-tunisiens-avant-de-se-livrer-aux-autorites","status":"publish","type":"post","link":"https:\/\/linitiative.ca\/International\/tunisie-video-sami-fehri-sadresse-aux-tunisiens-avant-de-se-livrer-aux-autorites\/","title":{"rendered":"Tunisie \u2013 VIDEO\u00a0: Sami Fehri s\u2019adresse aux tunisiens avant de se livrer aux autorit\u00e9s"},"content":{"rendered":"<div class=\"post-cont-in left relative\">\n<div id=\"post-info-wrap\" class=\"left relative post-info-out\">\n<div class=\"post-info-img left relative\"><img decoding=\"async\" alt=\"\" src=\"https:\/\/secure.gravatar.com\/avatar\/047123be9d5e8513774383916ee72db2?s=50&amp;d=mm&amp;r=g\" srcset=\"https:\/\/secure.gravatar.com\/avatar\/047123be9d5e8513774383916ee72db2?s=100&amp;d=mm&amp;r=g 2x\" class=\"avatar avatar-50 photo\" height=\"50\" width=\"50\" loading=\"lazy\"\/><\/div>\n<div class=\"post-info-in\">\n<div class=\"post-info-right left relative post-info-name left relative\"><span><span class=\"post-info-text\">Par<\/span> <span class=\"author-name vcard fn author\"><a href=\"https:\/\/www.tunisienumerique.com\/author\/lm\/\" title=\"Articles par LM\" rel=\"author\">LM<\/a><\/span><\/span> <span class=\"post-date updated\"><time class=\"post-date updated\" datetime=\"2021-03-14\">\u00a0| Il y a 5 secondes<\/time><\/span><br \/>\n<meta itemprop=\"dateModified\" content=\"2021-03-14\"\/><\/div>\n<div class=\"left relative\"><button id=\"listenButton1\" class=\"responsivevoice-button\" type=\"button\" value=\"Play\" title=\"\u00c9coutez l'article\"><span>\ud83d\udd0a \u00c9coutez l&rsquo;article<\/span><\/button>\n<\/div>\n<\/div>\n<\/div>\n<p>Le propri\u00e9taire de la chaine TV Al Hiwar, Sami Fehir, qui vient d\u2019\u00eatre condamn\u00e9 \u00e0 huit ans de prison ferme, par le tribunal de premi\u00e8re instance de Tunis, et qui \u00e9tait donn\u00e9 enfui du pays, a d\u00e9menti sa fuite, et a tenu \u00e0 s\u2019expliquer devant les tunisiens, avant de se livrer aux autorit\u00e9s. Et ce, \u00e0 travers une vid\u00e9o publi\u00e9e sur son compte Instagram.<\/p>\n<div class=\"code-block code-block-1 c4\">\n <ins class=\"adsbygoogle c3\" data-ad-layout=\"in-article\" data-ad-format=\"fluid\" data-ad-client=\"ca-pub-2102118777505746\" data-ad-slot=\"7301775417\"\/>\n<\/div>\n<p>Il a, au d\u00e9but, fait part de son \u00e9tonnement et de sa d\u00e9ception, du verdict prononc\u00e9 \u00e0 son encontre, assurant, \u00e0 l\u2019occasion qu\u2019il \u00e9tait certain de ne pas avoir enfreint la loi, et qu\u2019il ne s\u2019attendait pas \u00e0 une peine aussi lourde. Il a, n\u00e9anmoins, assur\u00e9 qu\u2019il \u00e9tait confiant et sent une certaine qui\u00e9tude, et qu\u2019il va devoir passer un \u00ab\u00a0tr\u00e8s, tr\u00e8s, tr\u00e8s mauvais quart d\u2019heure\u00a0\u00bb.<\/p>\n<p>Il a tenu \u00e0 remercier son avocat pour son excellente plaidoirie, et \u00e0 l\u2019issue de laquelle tout le monde s\u2019attendait \u00e0 un non-lieu. Mais \u00e7\u00e0 ne s\u2019est pas pass\u00e9 ainsi.<\/p>\n<p>Sami Fehri a d\u00e9menti qu\u2019il ait eu l\u2019intention de s\u2019enfuir \u00e0 l\u2019\u00e9tranger, alors qu\u2019il pouvait le faire \u00e0 tout moment. Il a expliqu\u00e9 qu\u2019il a choisi de se battre. Une \u00e9ni\u00e8me bataille qu\u2019il a choisi de mener en Tunisie. Il a annonc\u00e9 qu\u2019il allait user de tous ses droits de recours, en appel et en cassation. Il refuse, donc, de s\u2019enfuir, malgr\u00e9 la multiplication des appels de la part de ses fans, et m\u00eame de ses ennemis, pour qu\u2019il parte.<\/p>\n<p>Sami Fehri a annonc\u00e9 qu\u2019il allait se livrer \u00e0 la prison d\u2019El Mornaguia, ce mardi. Il a assur\u00e9 qu\u2019il \u00e9tait sonn\u00e9 par cette \u00e9tape, qu\u2019il va devoir passer, la plus grave qu\u2019il va connaitre, mais qu\u2019il est, tout de m\u00eame, confiant.<\/p>\n<p><a href=\"https:\/\/www.instagram.com\/tv\/CMaQCoah37M\/?utm_source=ig_web_button_share_sheet\" rel=\"attachment wp-att-638882\"><img decoding=\"async\" loading=\"lazy\" class=\"aligncenter size-full wp-image-638882\" src=\"https:\/\/www.tunisienumerique.com\/wp-content\/uploads\/2021\/03\/sami-1.jpg\" alt=\"\" width=\"640\" height=\"315\" srcset=\"https:\/\/www.tunisienumerique.com\/wp-content\/uploads\/2021\/03\/sami-1.jpg 640w, https:\/\/www.tunisienumerique.com\/wp-content\/uploads\/2021\/03\/sami-1-600x295.jpg 600w\" sizes=\"auto, (max-width: 640px) 100vw, 640px\"\/><\/a><\/p>\n<div class=\"swp_social_panel swp_horizontal_panel swp_flat_fresh swp_default_full_color swp_individual_full_color swp_other_full_color scale-100 scale-\" data-min-width=\"1100\" data-float-color=\"#ffffff\" data-float=\"bottom\" data-float-mobile=\"bottom\" data-transition=\"slide\">\n<div class=\"nc_tweetContainer swp_share_button total_shares total_sharesalt\"><span class=\"swp_count\">0 <span class=\"swp_label\">Partages<\/span><\/span><\/div>\n<\/div>\n<p><strong>Que se passe-t-il en Tunisie?<\/strong><br \/>Nous expliquons sur notre <a href=\"https:\/\/www.youtube.com\/channel\/UCRzypVq0B_yBad5eGrwBx0Q?sub_confirmation=1\" target=\"_blank\" rel=\"noopener\">cha\u00eene YouTube<\/a> . <a href=\"https:\/\/www.youtube.com\/channel\/UCRzypVq0B_yBad5eGrwBx0Q?sub_confirmation=1\" target=\"_blank\" rel=\"noopener\">Abonnez-vous!<\/a><\/p>\n<div class=\"mvp-org-wrap\" itemprop=\"publisher\">\n<div class=\"mvp-org-logo\" itemprop=\"logo\"><img decoding=\"async\" src=\"https:\/\/www.tunisienumerique.com\/wp-content\/uploads\/2017\/02\/logo_tunisie_numerique.png\"\/><br \/>\n<meta itemprop=\"url\" content=\"https:\/\/www.tunisienumerique.com\/wp-content\/uploads\/2017\/02\/logo_tunisie_numerique.png\"\/><\/div>\n<p><meta content=\"Tunisie\"\/><\/div>\n<div class=\"mvp-related-posts left relative\">\n<h4 class=\"post-header\"><span class=\"post-header\">Lire aussi<\/span><\/h4>\n<\/div>\n<div id=\"article-ad\">\n <ins class=\"adsbygoogle c5\" data-ad-client=\"ca-pub-2102118777505746\" data-ad-slot=\"6513972734\" data-ad-format=\"auto\" data-full-width-responsive=\"true\"\/>\n<\/div>\n<\/div>\n<div id=\"post-sidebar-wrap\">\n <ins class=\"adsbygoogle c5\" data-ad-client=\"ca-pub-2102118777505746\" data-ad-slot=\"6168283410\" data-ad-format=\"auto\" data-full-width-responsive=\"true\"\/>\n<\/div>\n<p>Auteur: LM<br \/>\n<a href=\"https:\/\/www.tunisienumerique.com\/tunisie-video-sami-fehri-sadresse-aux-tunisiens-avant-de-se-livrer-aux-autorites\/\">Cliquez ici pour lire l&rsquo;article depuis sa source.<\/a><\/p>\n","protected":false},"excerpt":{"rendered":"<p>Par LM \u00a0| Il y a 5 secondes \ud83d\udd0a \u00c9coutez l&rsquo;article Le propri\u00e9taire de la chaine TV Al Hiwar, Sami Fehir, qui vient d\u2019\u00eatre condamn\u00e9 \u00e0 huit ans de prison ferme, par le tribunal de premi\u00e8re instance de Tunis, et qui \u00e9tait donn\u00e9 enfui du pays, a d\u00e9menti sa fuite, et a tenu \u00e0 s\u2019expliquer [&hellip;]<\/p>\n","protected":false},"author":1789,"featured_media":0,"comment_status":"closed","ping_status":"closed","sticky":false,"template":"","format":"standard","meta":{"fifu_image_url":"https:\/\/secure.gravatar.com\/avatar\/047123be9d5e8513774383916ee72db2?s=50&d=mm&r=g","fifu_image_alt":"Tunisie \u2013 VIDEO\u00a0: Sami Fehri s\u2019adresse aux tunisiens avant de se livrer aux autorit\u00e9s","footnotes":""},"categories":[73,55],"tags":[],"class_list":["post-113098","post","type-post","status-publish","format-standard","hentry","category-actualite","category-tunisie"],"_links":{"self":[{"href":"https:\/\/linitiative.ca\/International\/wp-json\/wp\/v2\/posts\/113098","targetHints":{"allow":["GET"]}}],"collection":[{"href":"https:\/\/linitiative.ca\/International\/wp-json\/wp\/v2\/posts"}],"about":[{"href":"https:\/\/linitiative.ca\/International\/wp-json\/wp\/v2\/types\/post"}],"author":[{"embeddable":true,"href":"https:\/\/linitiative.ca\/International\/wp-json\/wp\/v2\/users\/1789"}],"replies":[{"embeddable":true,"href":"https:\/\/linitiative.ca\/International\/wp-json\/wp\/v2\/comments?post=113098"}],"version-history":[{"count":0,"href":"https:\/\/linitiative.ca\/International\/wp-json\/wp\/v2\/posts\/113098\/revisions"}],"wp:attachment":[{"href":"https:\/\/linitiative.ca\/International\/wp-json\/wp\/v2\/media?parent=113098"}],"wp:term":[{"taxonomy":"category","embeddable":true,"href":"https:\/\/linitiative.ca\/International\/wp-json\/wp\/v2\/categories?post=113098"},{"taxonomy":"post_tag","embeddable":true,"href":"https:\/\/linitiative.ca\/International\/wp-json\/wp\/v2\/tags?post=113098"}],"curies":[{"name":"wp","href":"https:\/\/api.w.org\/{rel}","templated":true}]}}