{"id":113101,"date":"2021-03-14T14:14:31","date_gmt":"2021-03-14T18:14:31","guid":{"rendered":"https:\/\/linitiative.ca\/International\/election-du-nouveau-president-de-la-caf\/"},"modified":"2021-03-14T14:14:31","modified_gmt":"2021-03-14T18:14:31","slug":"election-du-nouveau-president-de-la-caf","status":"publish","type":"post","link":"https:\/\/linitiative.ca\/International\/election-du-nouveau-president-de-la-caf\/","title":{"rendered":"ELECTION DU NOUVEAU PRESIDENT DE LA CAF"},"content":{"rendered":"<p class=\"c4\"><em>La 43<sup>e<\/sup> Assembl\u00e9e g\u00e9n\u00e9rale ordinaire \u00e9lective de la Conf\u00e9d\u00e9ration africaine de football (CAF), tenue le 12 mars 2021 \u00e0 Rabat, au Maroc, a port\u00e9, sans surprise et comme chacun le sait d\u00e9j\u00e0, l\u2019enfant de Soweto, magnat des mines et propri\u00e9taire des Mamelodi Sundowns d\u2019Afrique du Sud, Patrice Motsepe, \u00e0 la t\u00eate de la fa\u00eeti\u00e8re du foot africain. Avant m\u00eame le congr\u00e8s du vendredi dernier, les d\u00e9s \u00e9taient d\u00e9j\u00e0 jet\u00e9s, pour ainsi dire, d\u2019autant qu\u2019un accord entre les diff\u00e9rents candidats, conclu \u00e0 Rabat en fin f\u00e9vrier et confirm\u00e9 \u00e0 Nouakchott en d\u00e9but mars 2021, a abouti au choix du richissime Sud-africain. Ces diff\u00e9rents conclaves tenus sous l\u2019\u00e9gide de la FIFA pour unifier les rangs du continent, n\u2019ont malheureusement pas \u00e9t\u00e9 du go\u00fbt de certains amateurs du foot africain et non des moindres, puisqu\u2019ils y voient une ing\u00e9rence inacceptable de l\u2019instance mondiale et notamment de son pr\u00e9sident, Gianni Infantino, dans la gestion de la CAF. Nombreux sont ceux qui estiment, en effet, que si les autres candidats d\u00e9clar\u00e9s que sont le S\u00e9n\u00e9galais Augustin Senghor, le Mauritanien Ahmed Yahya et l\u2019Ivoirien Jacques Anouma, ont accept\u00e9 de ranger leur \u00e9p\u00e9e au fourreau, c\u2019est qu\u2019ils ont subi des pressions pour ne pas dire du chantage de la part de puissances occultes incarn\u00e9es en l\u2019occurrence ici par le pr\u00e9sident de la FIFA, Gianni Infantino. La r\u00e9cente tourn\u00e9e africaine de ce dernier en jet priv\u00e9, au cours de laquelle il a rencontr\u00e9 une dizaine de chefs d\u2019Etat avec des promesses d\u2019aides financi\u00e8res pour le d\u00e9veloppement du football dans leurs pays respectifs, a fini de convaincre les plus sceptiques qu\u2019il y a eu comme un parfum de deal dans l\u2019\u00e9lection ou plut\u00f4t le pl\u00e9biscite de Patrice Motsepe \u00e0 la t\u00eate de la CAF. Beaucoup se demandent pourquoi autant d\u2019activisme et de ballet diplomatique de la part du patron de la FIFA dans cette affaire qui est a priori interne \u00e0 l\u2019Afrique, alors qu\u2019il est moins interventionniste quand il s\u2019agit d\u2019\u00e9lection dans les autres conf\u00e9d\u00e9rations.<\/em><\/p>\n<p class=\"c4\"><em>\u00a0<\/em><\/p>\n<p class=\"c6\"><strong><em>On esp\u00e8re que toutes ces tractations ne vont pas d\u00e9voyer les objectifs que ces nouveaux patrons de la CAF se sont eux-m\u00eames assign\u00e9s<\/em><\/strong><\/p>\n<p class=\"c6\"><strong><em>\u00a0<\/em><\/strong><\/p>\n<p class=\"c4\"><em>Est-ce parce qu\u2019il est fonci\u00e8rement hostile \u00e0 la gestion d\u00e9sastreuse du pr\u00e9sident sortant, le Malgache Ahmad Ahmad\u00a0? Ou est-ce parce qu\u2019il y a personnellement int\u00e9r\u00eat, vu qu\u2019il briguera un autre mandat \u00e0 la t\u00eate de la FIFA en 2023\u00a0? Il y a eu certainement un peu des deux. Car, Gianni Infantino tient d\u2019abord \u00e0 redorer l\u2019image de la CAF \u00e9corn\u00e9e par les scandales de blanchiment d\u2019argent, de corruption et de vol de fonds sous la pr\u00e9sidence de Ahmad Ahmad, en pistonnant un nouvel homme vierge de tout lien avec ce dernier. Ensuite, il pourra compter sur la fid\u00e9lit\u00e9 et la loyaut\u00e9 des hommes qu\u2019il aura aid\u00e9s \u00e0 placer \u00e0 la t\u00eate de la CAF dans la perspective de l\u2019\u00e9lection du pr\u00e9sident de la FIFA en 2023, au cours de laquelle son propre poste sera remis en jeu. N\u2019oublions pas, en effet, que pour se succ\u00e9der \u00e0 lui-m\u00eame dans deux ans, Infantino aura fatalement besoin des 54 voix dont dispose le continent sur un total de 209, surtout que le ralliement de l\u2019Europe (55 voix) et de l\u2019Asie-Pacifique (47 voix) \u00e0 sa cause, n\u2019est pas gagn\u00e9 d\u2019avance. Il avait donc int\u00e9r\u00eat \u00e0 agir, comme diraient les juristes, et il a mis les petits plats dans les grands pour convaincre les challengers du Sud-africain de capituler et de se placer derri\u00e8re l\u2019\u00e9tendard de ce dernier. C\u2019est donc maintenant chose faite. Mais la victoire sur tapis vert de Patrice Motsepe \u00e9tait assortie de conditions, notamment l\u2019octroi du poste de premier vice-pr\u00e9sident au S\u00e9n\u00e9galais Senghor, celui de deuxi\u00e8me vice-pr\u00e9sident au Mauritanien Yahya et enfin le poste de conseiller sp\u00e9cial \u00e0 l\u2019 Ivoirien Anouma. Mais au-del\u00e0 de cet \u00e9change de bons proc\u00e9d\u00e9s ou, si vous pr\u00e9f\u00e9rez, de ce gentlemen\u2019s agreement\u00a0 par lequel les r\u00f4les ont \u00e9t\u00e9 distribu\u00e9s et accept\u00e9s, \u00a0il y aurait eu un autre deal dans le deal, qui placerait Patrice Motsepe \u00e0 la pr\u00e9sidence de la CAF pour un mandat tout au plus, au bout duquel il reprendrait ses activit\u00e9s d\u2019homme d\u2019affaires et de cultissime patron de l\u2019actuelle meilleure \u00e9quipe du championnat sud-africain. Du coup, il ouvrirait le boulevard \u00e0 ses vice-pr\u00e9sidents quand sa succession sera ouverte, et c\u2019est cette probabilit\u00e9 de lui succ\u00e9der qui aurait plut\u00f4t motiv\u00e9 ses trois ex- challengers de l\u2019Afrique de l\u2019Ouest \u00e0 se retirer de la course cette fois-ci. On esp\u00e8re que toutes ces tractations et ces marchandages sur fond d\u2019int\u00e9r\u00eats personnels, ne vont pas d\u00e9voyer les objectifs que ces nouveaux patrons de la CAF se sont eux-m\u00eames assign\u00e9s, notamment la modernisation des infrastructures sportives, la professionnalisation du foot africain et le rehaussement du niveau et de la qualit\u00e9 de jeu dans toutes les \u00e9quipes du continent. Des d\u00e9fis \u00e9normes pour une institution dont la cr\u00e9dibilit\u00e9 a \u00e9t\u00e9 plus d\u2019une fois remise en cause, en raison de la gestion n\u00e9potique et t\u00e9n\u00e9breuse de ses premiers responsables. On esp\u00e8re que Motsepe qui, sauf erreur ou omission, est le seul pr\u00e9sident de la conf\u00e9d\u00e9ration \u00e0 avoir \u00e9t\u00e9 couronn\u00e9 par consensus, rel\u00e8vera brillamment ces d\u00e9fis et surprendra agr\u00e9ablement m\u00eame les oiseaux de mauvais augure qui lui pr\u00e9disent d\u00e9j\u00e0 le destin de son pr\u00e9d\u00e9cesseur Ahmad Ahmad dont l\u2019\u00e9lection, en 2017, avait suscit\u00e9 beaucoup d\u2019espoirs, mais qui, malheureusement, est sorti de l\u2019histoire par la lucarne, le 12 mars dernier, avec pour seule innovation majeure, le passage des \u00e9quipes qualifi\u00e9es pour la CAN, de 16 \u00e0 24.<\/em><\/p>\n<p class=\"c4\"><em>\u00a0<\/em><\/p>\n<p class=\"c4\"><em>\u00a0<\/em><\/p>\n<p class=\"c6\"><strong><em>Hamadou GADIAGA<\/em><\/strong><\/p>\n<p>Auteur: Editions LEPAYS<br \/>\n<a href=\"https:\/\/lepays.bf\/election-du-nouveau-president-de-la-caf\/\">Cliquez ici pour lire l&rsquo;article depuis sa source.<\/a><\/p>\n","protected":false},"excerpt":{"rendered":"<p>La 43e Assembl\u00e9e g\u00e9n\u00e9rale ordinaire \u00e9lective de la Conf\u00e9d\u00e9ration africaine de football (CAF), tenue le 12 mars 2021 \u00e0 Rabat, au Maroc, a port\u00e9, sans surprise et comme chacun le sait d\u00e9j\u00e0, l\u2019enfant de Soweto, magnat des mines et propri\u00e9taire des Mamelodi Sundowns d\u2019Afrique du Sud, Patrice Motsepe, \u00e0 la t\u00eate de la fa\u00eeti\u00e8re du [&hellip;]<\/p>\n","protected":false},"author":1813,"featured_media":0,"comment_status":"closed","ping_status":"closed","sticky":false,"template":"","format":"standard","meta":{"fifu_image_url":"","fifu_image_alt":"","footnotes":""},"categories":[73,81],"tags":[],"class_list":["post-113101","post","type-post","status-publish","format-standard","hentry","category-actualite","category-burkina-faso"],"_links":{"self":[{"href":"https:\/\/linitiative.ca\/International\/wp-json\/wp\/v2\/posts\/113101","targetHints":{"allow":["GET"]}}],"collection":[{"href":"https:\/\/linitiative.ca\/International\/wp-json\/wp\/v2\/posts"}],"about":[{"href":"https:\/\/linitiative.ca\/International\/wp-json\/wp\/v2\/types\/post"}],"author":[{"embeddable":true,"href":"https:\/\/linitiative.ca\/International\/wp-json\/wp\/v2\/users\/1813"}],"replies":[{"embeddable":true,"href":"https:\/\/linitiative.ca\/International\/wp-json\/wp\/v2\/comments?post=113101"}],"version-history":[{"count":0,"href":"https:\/\/linitiative.ca\/International\/wp-json\/wp\/v2\/posts\/113101\/revisions"}],"wp:attachment":[{"href":"https:\/\/linitiative.ca\/International\/wp-json\/wp\/v2\/media?parent=113101"}],"wp:term":[{"taxonomy":"category","embeddable":true,"href":"https:\/\/linitiative.ca\/International\/wp-json\/wp\/v2\/categories?post=113101"},{"taxonomy":"post_tag","embeddable":true,"href":"https:\/\/linitiative.ca\/International\/wp-json\/wp\/v2\/tags?post=113101"}],"curies":[{"name":"wp","href":"https:\/\/api.w.org\/{rel}","templated":true}]}}