{"id":113102,"date":"2021-03-14T08:03:15","date_gmt":"2021-03-14T12:03:15","guid":{"rendered":"https:\/\/linitiative.ca\/International\/session-parlementaire-les-travaux-du-comite-de-suivi-evaluation-des-infrastructures-de-sante-reportes\/"},"modified":"2021-03-14T08:03:15","modified_gmt":"2021-03-14T12:03:15","slug":"session-parlementaire-les-travaux-du-comite-de-suivi-evaluation-des-infrastructures-de-sante-reportes","status":"publish","type":"post","link":"https:\/\/linitiative.ca\/International\/session-parlementaire-les-travaux-du-comite-de-suivi-evaluation-des-infrastructures-de-sante-reportes\/","title":{"rendered":"Session parlementaire : les travaux du comit\u00e9 de suivi-\u00e9valuation des infrastructures de sant\u00e9 report\u00e9s"},"content":{"rendered":"<div class=\"featured-area featured-area-inner\">\n<figure class=\"single-featured-image\">\n<p><img loading=\"lazy\" decoding=\"async\" width=\"780\" height=\"445\" src=\"https:\/\/ecomatin.net\/wp-content\/uploads\/2021\/03\/Parlementaire-au-Palais-des-congres-780x445.jpeg\" class=\"attachment-jannah-image-post size-jannah-image-post wp-post-image\" alt=\"\" is_main_img=\"1\"\/><\/p>\n<\/figure>\n<\/div>\n<div class=\"entry-content entry clearfix\" readability=\"52.493884682586\">\n<p>Une note du Secr\u00e9taire g\u00e9n\u00e9ral de la Chambre Basse du Parlement a annonc\u00e9 le report des travaux des d\u00e9put\u00e9s membres du Comit\u00e9 de Suivi-\u00e9valuation des recommandations de la s\u00e9ance d\u2019information des parlementaires sur la politique de d\u00e9veloppement des infrastructures de sant\u00e9. Initialement pr\u00e9vue le vendredi 11 mars \u00e0 10 heures, la r\u00e9union a \u00e9t\u00e9 report\u00e9e \u00e0 une \u00ab date ult\u00e9rieure \u00bb. Aucun motif n\u2019a \u00e9t\u00e9 donn\u00e9e de la part de Gaston Komba. Au sein de la Sous-direction de la Communication aucune information n\u2019est disponible sur les raisons de ce report.<\/p>\n<p><strong>Lire aussi<\/strong> : <a href=\"https:\/\/ecomatin.net\/rentree-parlementaire-les-dossiers-chauds-qui-attendent-les-elus-de-la-nation\/\">Les dossiers chauds qui attendent les \u00e9lus de la nation<\/a><\/p>\n<p>Cette s\u00e9ance de travail, devait \u00eatre la premi\u00e8re des d\u00e9put\u00e9s apr\u00e8s l\u2019ouverture de la session ce jeudi.<\/p>\n<p>En rappel le 19 f\u00e9vrier dernier, les membres de ce comit\u00e9 dans la r\u00e9gion du Centre avaient men\u00e9 des activit\u00e9s dans deux h\u00f4pitaux de premi\u00e8re cat\u00e9gorie. Les honorables Edgard Ndongo Eteme, Cl\u00e9mentine Koa Mfegue et Engelbert Bengono Essoma s\u2019\u00e9taient rendus \u00e0 l\u2019H\u00f4pital g\u00e9n\u00e9ral de Yaound\u00e9 et \u00e0 l\u2019H\u00f4pital gyn\u00e9co-obst\u00e9trique de Yaound\u00e9. Ceci, dans\u00a0 le but d\u2019\u00e9valuer le taux de r\u00e9alisation des infrastructures inscrites dans le Plan d\u2019Urgence triennal.<\/p>\n<p><strong>Lire aussi<\/strong> : <a href=\"https:\/\/ecomatin.net\/rentree-parlementaire-la-doyenne-dage-interpelle-le-gouvernement-sur-les-accidents-de-circulation\/\">Rentr\u00e9e parlementaire : la doyenne d\u2019\u00e2ge interpelle le gouvernement sur les accidents de la circulation<\/a><\/p>\n<p>La descente de ces parlementaires sur le terrain intervenait quelques mois apr\u00e8s la tenue au mois de novembre 2020 d\u2019une pl\u00e9ni\u00e8re sp\u00e9ciale sur les infrastructures de sant\u00e9. Cette derni\u00e8re avait notamment pour but d\u2019informer les d\u00e9put\u00e9s sur les insuffisances des plateaux techniques des h\u00f4pitaux et les probl\u00e8mes y relatifs.<\/p>\n<p><strong>Estelle Mouliom<\/strong><\/p>\n<\/div>\n<p>Auteur: EcoMatin<br \/>\n<a href=\"https:\/\/ecomatin.net\/session-parlementaire-les-travaux-du-comite-de-suivi-evaluation-des-infrastructures-de-sante-reportes\/\">Cliquez ici pour lire l&rsquo;article depuis sa source.<\/a><\/p>\n","protected":false},"excerpt":{"rendered":"<p>Une note du Secr\u00e9taire g\u00e9n\u00e9ral de la Chambre Basse du Parlement a annonc\u00e9 le report des travaux des d\u00e9put\u00e9s membres du Comit\u00e9 de Suivi-\u00e9valuation des recommandations de la s\u00e9ance d\u2019information des parlementaires sur la politique de d\u00e9veloppement des infrastructures de sant\u00e9. Initialement pr\u00e9vue le vendredi 11 mars \u00e0 10 heures, la r\u00e9union a \u00e9t\u00e9 report\u00e9e [&hellip;]<\/p>\n","protected":false},"author":1969,"featured_media":0,"comment_status":"closed","ping_status":"closed","sticky":false,"template":"","format":"standard","meta":{"fifu_image_url":"https:\/\/ecomatin.net\/wp-content\/uploads\/2021\/03\/Parlementaire-au-Palais-des-congres-780x445.jpeg","fifu_image_alt":"Session parlementaire : les travaux du comit\u00e9 de suivi-\u00e9valuation des infrastructures de sant\u00e9 report\u00e9s","footnotes":""},"categories":[82,78],"tags":[],"class_list":["post-113102","post","type-post","status-publish","format-standard","hentry","category-cameroun","category-economie"],"_links":{"self":[{"href":"https:\/\/linitiative.ca\/International\/wp-json\/wp\/v2\/posts\/113102","targetHints":{"allow":["GET"]}}],"collection":[{"href":"https:\/\/linitiative.ca\/International\/wp-json\/wp\/v2\/posts"}],"about":[{"href":"https:\/\/linitiative.ca\/International\/wp-json\/wp\/v2\/types\/post"}],"author":[{"embeddable":true,"href":"https:\/\/linitiative.ca\/International\/wp-json\/wp\/v2\/users\/1969"}],"replies":[{"embeddable":true,"href":"https:\/\/linitiative.ca\/International\/wp-json\/wp\/v2\/comments?post=113102"}],"version-history":[{"count":0,"href":"https:\/\/linitiative.ca\/International\/wp-json\/wp\/v2\/posts\/113102\/revisions"}],"wp:attachment":[{"href":"https:\/\/linitiative.ca\/International\/wp-json\/wp\/v2\/media?parent=113102"}],"wp:term":[{"taxonomy":"category","embeddable":true,"href":"https:\/\/linitiative.ca\/International\/wp-json\/wp\/v2\/categories?post=113102"},{"taxonomy":"post_tag","embeddable":true,"href":"https:\/\/linitiative.ca\/International\/wp-json\/wp\/v2\/tags?post=113102"}],"curies":[{"name":"wp","href":"https:\/\/api.w.org\/{rel}","templated":true}]}}