{"id":113105,"date":"2021-03-15T08:00:50","date_gmt":"2021-03-15T12:00:50","guid":{"rendered":"https:\/\/linitiative.ca\/International\/ex-directeur-des-travaux-de-lydec-youssef-tazi-aux-commandes-de-la-ramssa\/"},"modified":"2021-03-15T08:00:50","modified_gmt":"2021-03-15T12:00:50","slug":"ex-directeur-des-travaux-de-lydec-youssef-tazi-aux-commandes-de-la-ramssa","status":"publish","type":"post","link":"https:\/\/linitiative.ca\/International\/ex-directeur-des-travaux-de-lydec-youssef-tazi-aux-commandes-de-la-ramssa\/","title":{"rendered":"Ex directeur des travaux de Lydec : Youssef Tazi aux commandes de la Ramssa"},"content":{"rendered":"<header>\n<\/header>\n<div class=\"entry-content clearfix\" readability=\"69\">\n<figure class=\"post-thumbnail\" itemprop=\"associatedMedia\" itemscope=\"itemscope\" itemtype=\"http:\/\/schema.org\/ImageObject\"><img decoding=\"async\" class=\"post_layout_5_img\" src=\"http:\/\/aujourdhui.ma\/wp-content\/uploads\/2021\/03\/Youssef-Tazi.jpg\" alt=\"Ex directeur des travaux de Lydec : Youssef Tazi aux commandes de la Ramssa\"\/><\/figure>\n<p><span class=\"c5\"><strong>Youssef Tazi a \u00e9t\u00e9 nomm\u00e9 jeudi dernier nouveau directeur g\u00e9n\u00e9ral de la R\u00e9gie autonome multiservices d\u2019Agadir (Ramssa), lors d\u2019une c\u00e9r\u00e9monie tenue au si\u00e8ge de la r\u00e9gion, sous la pr\u00e9sidence de Jamal Chaarani, directeur de d\u00e9veloppement des comp\u00e9tences et de la transformation des num\u00e9riques au sein du minist\u00e8re de l\u2019int\u00e9rieur.<\/strong> <span id=\"more-371040\"\/><\/span><\/p>\n<p>A cette occasion, M. Chaarani a f\u00e9licit\u00e9 le nouveau DG Youssef Tazi pour la confiance, dont il a fait l\u2019objet et sa nomination \u00e0 ce poste, tout en remerciant le directeur g\u00e9n\u00e9ral sortant Ahmed Oukkas qui a fait preuve d\u2019un grand sens de responsabilit\u00e9 et de s\u00e9rieux depuis sa nomination \u00e0 la t\u00eate de cet \u00e9tablissement en 2014.<\/p>\n<p>Cette nomination s\u2019inscrit dans le cadre du mouvement op\u00e9r\u00e9 par le minist\u00e8re de l\u2019int\u00e9rieur qui vise la dotation de l\u2019administration publique des agences et des services de l\u2019\u00c9tat de ressources humaines hautement qualifi\u00e9es. Le wali ayant proc\u00e9d\u00e9 \u00e0 l\u2019\u00e9num\u00e9ration des qualit\u00e9s de de M. Tazi ex directeur des travaux de Lydec, il a rappel\u00e9 que ce dernier est dot\u00e9 d\u2019une exp\u00e9rience importante en mesure de lui faciliter sa mission \u00e0 la t\u00eate de la Ramssa.<br \/>Ing\u00e9nieur d\u2019Etat en g\u00e9nie civil de l\u2019Ecole Hassania des travaux publics, M.Tazi a occup\u00e9 plusieurs fonctions dans le secteur priv\u00e9 avant de rejoindre Lydec en 2011 o\u00f9 il a assum\u00e9 une s\u00e9rie de responsabilit\u00e9s au sein de cette r\u00e9gie dont directeur des travaux.<\/p>\n<p><span class=\"c6\"><strong>158 MDH pour les axes strat\u00e9giques de la Ramssa<\/strong><\/span><\/p>\n<p>Les axes strat\u00e9giques du budget programm\u00e9 pour l\u2019exercice 2021 estim\u00e9 \u00e0 158 millions DH visant \u00e0 assurer la continuit\u00e9 et la qualit\u00e9 de service relatif \u00e0 l\u2019eau potable et \u00e0 l\u2019assainissement liquide, ainsi que l\u2019accompagnement du programme de d\u00e9veloppement urbain de la ville d\u2019Agadir (PDU). Pour le budget d\u2019investissement 2021, la RAMSA vise essentiellement la continuit\u00e9 et l\u2019autonomie de la distribution de l\u2019eau potable par l\u2019am\u00e9lioration de la capacit\u00e9 de stockage, qui est actuellement de 132.000 m3 et dont l\u2019objectif est d\u2019atteindre 175.600 m3 au terme du plan strat\u00e9gique 2021-2025 avec une autonomie de distribution d\u00e9passant 27 heures et l\u2019accompagnement du projet de dessalement de l\u2019eau de mer pour assurer une distribution \u00e9quitable entre les citoyens \u00e0 cela s\u2019ajoute l\u2019actualisation des sch\u00e9mas directeurs d\u2019eau potable et d\u2019assainissement liquide. Parmi les chantiers ouverts figurent essentiellement la poursuite de l\u2019\u00e9quipement en infrastructure et r\u00e9seau de l\u2019eau potable et assainissement liquide des centres d\u2019Aourir et des quartiers relevant de la commune Drarga, et l\u2019am\u00e9lioration des taux d\u2019acc\u00e8s \u00e0 l\u2019eau et \u00e0 l\u2019assainissement qui se situent actuellement \u00e0 98,5%, ainsi que la rationalisation et l\u2019\u00e9conomie de l\u2019eau mobilis\u00e9e, et la lutte contre les pertes d\u2019eau pour le maintien du taux de rendement \u00e0 un niveau tr\u00e8s performant fr\u00f4lant les 80%, et la modernisation de la gestion, la d\u00e9mat\u00e9rialisation des proc\u00e9dures et la digitalisation des services.<\/p>\n<\/div>\n<p>Auteur: ALM<br \/>\n<a href=\"https:\/\/aujourdhui.ma\/economie\/ex-directeur-des-travaux-de-lydec-youssef-tazi-aux-commandes-de-la-ramssa\">Cliquez ici pour lire l&rsquo;article depuis sa source.<\/a><\/p>\n","protected":false},"excerpt":{"rendered":"<p>Youssef Tazi a \u00e9t\u00e9 nomm\u00e9 jeudi dernier nouveau directeur g\u00e9n\u00e9ral de la R\u00e9gie autonome multiservices d\u2019Agadir (Ramssa), lors d\u2019une c\u00e9r\u00e9monie tenue au si\u00e8ge de la r\u00e9gion, sous la pr\u00e9sidence de Jamal Chaarani, directeur de d\u00e9veloppement des comp\u00e9tences et de la transformation des num\u00e9riques au sein du minist\u00e8re de l\u2019int\u00e9rieur. A cette occasion, M. Chaarani a [&hellip;]<\/p>\n","protected":false},"author":1759,"featured_media":0,"comment_status":"closed","ping_status":"closed","sticky":false,"template":"","format":"standard","meta":{"fifu_image_url":"http:\/\/aujourdhui.ma\/wp-content\/uploads\/2021\/03\/Youssef-Tazi.jpg","fifu_image_alt":"Ex directeur des travaux de Lydec : Youssef Tazi aux commandes de la Ramssa","footnotes":""},"categories":[73,54],"tags":[],"class_list":["post-113105","post","type-post","status-publish","format-standard","hentry","category-actualite","category-maroc"],"_links":{"self":[{"href":"https:\/\/linitiative.ca\/International\/wp-json\/wp\/v2\/posts\/113105","targetHints":{"allow":["GET"]}}],"collection":[{"href":"https:\/\/linitiative.ca\/International\/wp-json\/wp\/v2\/posts"}],"about":[{"href":"https:\/\/linitiative.ca\/International\/wp-json\/wp\/v2\/types\/post"}],"author":[{"embeddable":true,"href":"https:\/\/linitiative.ca\/International\/wp-json\/wp\/v2\/users\/1759"}],"replies":[{"embeddable":true,"href":"https:\/\/linitiative.ca\/International\/wp-json\/wp\/v2\/comments?post=113105"}],"version-history":[{"count":0,"href":"https:\/\/linitiative.ca\/International\/wp-json\/wp\/v2\/posts\/113105\/revisions"}],"wp:attachment":[{"href":"https:\/\/linitiative.ca\/International\/wp-json\/wp\/v2\/media?parent=113105"}],"wp:term":[{"taxonomy":"category","embeddable":true,"href":"https:\/\/linitiative.ca\/International\/wp-json\/wp\/v2\/categories?post=113105"},{"taxonomy":"post_tag","embeddable":true,"href":"https:\/\/linitiative.ca\/International\/wp-json\/wp\/v2\/tags?post=113105"}],"curies":[{"name":"wp","href":"https:\/\/api.w.org\/{rel}","templated":true}]}}