{"id":113106,"date":"2021-03-15T08:30:32","date_gmt":"2021-03-15T12:30:32","guid":{"rendered":"https:\/\/linitiative.ca\/International\/guichet-unique-mobile-en-cote-divoire-la-communaute-marocaine-a-abidjan-bien-servie\/"},"modified":"2021-03-15T08:30:32","modified_gmt":"2021-03-15T12:30:32","slug":"guichet-unique-mobile-en-cote-divoire-la-communaute-marocaine-a-abidjan-bien-servie","status":"publish","type":"post","link":"https:\/\/linitiative.ca\/International\/guichet-unique-mobile-en-cote-divoire-la-communaute-marocaine-a-abidjan-bien-servie\/","title":{"rendered":"Guichet unique mobile en C\u00f4te d\u2019Ivoire : La communaut\u00e9 marocaine \u00e0 Abidjan bien servie"},"content":{"rendered":"<figure class=\"post-thumbnail\" itemprop=\"associatedMedia\" itemscope=\"itemscope\" itemtype=\"http:\/\/schema.org\/ImageObject\"><img decoding=\"async\" class=\"post_layout_5_img\" src=\"https:\/\/aujourdhui.ma\/wp-content\/uploads\/2021\/03\/Guichet-unique-mobile-en-Cote-dIvoire-La-communaute-marocaine-a-Abidjan-bien-servie.jpg\" alt=\"Guichet unique mobile en C\u00f4te d\u2019Ivoire : La communaut\u00e9 marocaine \u00e0 Abidjan bien servie\"\/><\/figure>\n<p><span class=\"c5\"><strong>Une premi\u00e8re en Afrique. Un guichet unique mobile pour les services administratifs au profit des Marocains vient de voir le jour en C\u00f4te d\u2019Ivoire.<\/strong><\/span><span id=\"more-371068\"\/><\/p>\n<p>Initi\u00e9e samedi par le minist\u00e8re d\u00e9l\u00e9gu\u00e9 charg\u00e9 des Marocains r\u00e9sidant \u00e0 l\u2019\u00e9tranger (MRE) lors d\u2019une visite de travail de Nezha El Ouafi \u00e0 Abidjan, cette structure s\u2019inscrit dans le cadre de la politique de proximit\u00e9 mise en place par le minist\u00e8re d\u00e9l\u00e9gu\u00e9 afin de r\u00e9pondre aux besoins des Marocains du monde, notamment en ce qui concerne l\u2019am\u00e9lioration des services administratifs mis \u00e0 leur disposition. Comme le pr\u00e9cise ce d\u00e9partement, le guichet, qui s\u2019est \u00e9tal\u00e9 sur toute la journ\u00e9e, vise \u00abl\u2019accompagnement et le suivi de proximit\u00e9 de la situation des Marocains r\u00e9sidant en C\u00f4te d\u2019Ivoire, la sensibilisation et l\u2019\u00e9change autour de leurs diff\u00e9rentes pr\u00e9occupations sociales, culturelles, \u00e9conomiques et administratives\u00bb.<\/p>\n<p>Selon le m\u00eame d\u00e9partement, il entend \u00e9galement la vulgarisation de diff\u00e9rents nouveaux services mis en place par les d\u00e9partements et les institutions publiques concern\u00e9s par les affaires des MRE, notamment suite \u00e0 leur harmonisation avec les besoins et attentes de cette cat\u00e9gorie de citoyens, en mettant en \u0153uvre de nouveaux m\u00e9canismes pour faire face aux diff\u00e9rents d\u00e9fis li\u00e9s aux services qui leur sont d\u00e9di\u00e9s.<br \/>Mieux encore, cette initiative intervient \u00e0 point nomm\u00e9 puisqu\u2019elle co\u00efncide avec ce contexte de la crise sanitaire li\u00e9e \u00e0 la pand\u00e9mie du Covid-19 qui a ses effets sur cette cat\u00e9gorie. Elle contribuera en effet \u00e0 la r\u00e9duction de la mobilit\u00e9. Et ce n\u2019est pas tout. Diff\u00e9rents programmes en faveur des Marocains r\u00e9sidant dans ce pays, et un ensemble de nouveaut\u00e9s administratives et juridiques les concernant ont \u00e9t\u00e9 pr\u00e9sent\u00e9s lors de l\u2019organisation de ce guichet.<\/p>\n<p>En outre, le premier forum des comp\u00e9tences marocaines en Afrique a \u00e9t\u00e9 organis\u00e9, dimanche, dans le cadre des chantiers de relance \u00e9conomique et du programme national de mobilisation des comp\u00e9tences marocaines r\u00e9sidant \u00e0 l\u2019\u00e9tranger et en conformit\u00e9 avec la politique africaine du Maroc. Ce rendez-vous, organis\u00e9 sous le signe: \u00abLes comp\u00e9tences marocaines r\u00e9sidant en Afrique au service du d\u00e9veloppement du continent\u00bb, est une premi\u00e8re \u00e9tape dans la cr\u00e9ation d\u2019un r\u00e9seau de comp\u00e9tences marocaines r\u00e9sidant en Afrique. L\u2019objectif \u00e9tant, selon la m\u00eame source, de \u00abtransf\u00e9rer l\u2019expertise, les connaissances et les investissements de cette cat\u00e9gorie, ainsi que de les informer des opportunit\u00e9s disponibles pour participer aux chantiers de d\u00e9veloppement au Royaume\u00bb.<br \/>Cela \u00e9tant, le nombre de Marocains en Afrique a consid\u00e9rablement augment\u00e9 de par la politique sage de SM le Roi Mohammed VI, en mati\u00e8re de renforcement de la coop\u00e9ration Sud-Sud et d\u2019encouragement des investissements publics et priv\u00e9s dans un certain nombre de secteurs de d\u00e9veloppement.<\/p>\n<p>Pour rappel, plusieurs organismes ont \u00e9t\u00e9 repr\u00e9sent\u00e9s \u00e0 cet \u00e9v\u00e9nement notamment le d\u00e9partement du chef de gouvernement, le minist\u00e8re public, le M\u00e9diateur du Royaume, le minist\u00e8re des affaires \u00e9trang\u00e8res, de la Coop\u00e9ration africaine et des MRE, le minist\u00e8re d\u00e9l\u00e9gu\u00e9 charg\u00e9 des MRE, le minist\u00e8re de l\u2019int\u00e9rieur, le minist\u00e8re de la justice et la Caisse nationale de s\u00e9curit\u00e9 sociale (CNSS). Il s\u2019agit \u00e9galement de l\u2019Agence nationale de la conservation fonci\u00e8re, du cadastre et de la cartographie (ANFCC), la direction g\u00e9n\u00e9rale des Imp\u00f4ts, la Caisse centrale de garantie, la Caisse interprofessionnelle marocaine de retraites (CIMR), la Conf\u00e9d\u00e9ration g\u00e9n\u00e9rale des entreprises du Maroc (CGEM), le Groupement professionnel des banques du Maroc (GPBM) outre l\u2019Autorit\u00e9 de contr\u00f4le des assurances et de la pr\u00e9voyance sociale (ACAPS).<\/p>\n<p>Auteur: ALM<br \/>\n<a href=\"https:\/\/aujourdhui.ma\/societe\/guichet-unique-mobile-en-cote-divoire-la-communaute-marocaine-a-abidjan-bien-servie\">Cliquez ici pour lire l&rsquo;article depuis sa source.<\/a><\/p>\n","protected":false},"excerpt":{"rendered":"<p>Une premi\u00e8re en Afrique. Un guichet unique mobile pour les services administratifs au profit des Marocains vient de voir le jour en C\u00f4te d\u2019Ivoire. Initi\u00e9e samedi par le minist\u00e8re d\u00e9l\u00e9gu\u00e9 charg\u00e9 des Marocains r\u00e9sidant \u00e0 l\u2019\u00e9tranger (MRE) lors d\u2019une visite de travail de Nezha El Ouafi \u00e0 Abidjan, cette structure s\u2019inscrit dans le cadre de [&hellip;]<\/p>\n","protected":false},"author":1759,"featured_media":0,"comment_status":"closed","ping_status":"closed","sticky":false,"template":"","format":"standard","meta":{"fifu_image_url":"https:\/\/aujourdhui.ma\/wp-content\/uploads\/2021\/03\/Guichet-unique-mobile-en-Cote-dIvoire-La-communaute-marocaine-a-Abidjan-bien-servie.jpg","fifu_image_alt":"Guichet unique mobile en C\u00f4te d\u2019Ivoire : La communaut\u00e9 marocaine \u00e0 Abidjan bien servie","footnotes":""},"categories":[73,54],"tags":[],"class_list":["post-113106","post","type-post","status-publish","format-standard","hentry","category-actualite","category-maroc"],"_links":{"self":[{"href":"https:\/\/linitiative.ca\/International\/wp-json\/wp\/v2\/posts\/113106","targetHints":{"allow":["GET"]}}],"collection":[{"href":"https:\/\/linitiative.ca\/International\/wp-json\/wp\/v2\/posts"}],"about":[{"href":"https:\/\/linitiative.ca\/International\/wp-json\/wp\/v2\/types\/post"}],"author":[{"embeddable":true,"href":"https:\/\/linitiative.ca\/International\/wp-json\/wp\/v2\/users\/1759"}],"replies":[{"embeddable":true,"href":"https:\/\/linitiative.ca\/International\/wp-json\/wp\/v2\/comments?post=113106"}],"version-history":[{"count":0,"href":"https:\/\/linitiative.ca\/International\/wp-json\/wp\/v2\/posts\/113106\/revisions"}],"wp:attachment":[{"href":"https:\/\/linitiative.ca\/International\/wp-json\/wp\/v2\/media?parent=113106"}],"wp:term":[{"taxonomy":"category","embeddable":true,"href":"https:\/\/linitiative.ca\/International\/wp-json\/wp\/v2\/categories?post=113106"},{"taxonomy":"post_tag","embeddable":true,"href":"https:\/\/linitiative.ca\/International\/wp-json\/wp\/v2\/tags?post=113106"}],"curies":[{"name":"wp","href":"https:\/\/api.w.org\/{rel}","templated":true}]}}