{"id":113107,"date":"2021-03-15T09:32:24","date_gmt":"2021-03-15T13:32:24","guid":{"rendered":"https:\/\/linitiative.ca\/International\/le-festival-de-fes-se-prepare-doucement-mais-surement\/"},"modified":"2021-03-15T09:32:24","modified_gmt":"2021-03-15T13:32:24","slug":"le-festival-de-fes-se-prepare-doucement-mais-surement","status":"publish","type":"post","link":"https:\/\/linitiative.ca\/International\/le-festival-de-fes-se-prepare-doucement-mais-surement\/","title":{"rendered":"Le festival de F\u00e8s se pr\u00e9pare doucement mais s\u00fbrement"},"content":{"rendered":"<header>\n<div class=\"entry-post-meta\">\n<div class=\"author-link\">Publi\u00e9 par <a itemprop=\"author\" itemscope=\"itemscope\" itemtype=\"https:\/\/schema.org\/Person\" href=\"https:\/\/aujourdhui.ma\/author\/blio\" rel=\"author\"><span itemprop=\"name\">ALM<\/span><\/a><\/div>\n<p>Date\u00a0:<time content=\"2021-03-15T14:32:24+01:00\" class=\"entry-date updated\" datetime=\"2021-03-15T14:32:24+01:00\">mars 15, 2021<\/time><\/p>\n<div class=\"entry-cat\">dans:<a href=\"https:\/\/aujourdhui.ma\/category\/culture\" rel=\"category tag\">Culture<\/a><\/div>\n<p>30Vues<\/p>\n<\/div>\n<\/header>\n<div class=\"entry-content clearfix\" readability=\"53\">\n<figure class=\"post-thumbnail\" itemprop=\"associatedMedia\" itemscope=\"itemscope\" itemtype=\"http:\/\/schema.org\/ImageObject\"><img decoding=\"async\" class=\"post_layout_5_img\" src=\"http:\/\/aujourdhui.ma\/wp-content\/uploads\/2021\/03\/Le-festival-de-Fes-se-prepare-doucement-mais-surement.jpg\" alt=\"Le festival de F\u00e8s se pr\u00e9pare doucement mais s\u00fbrement\"\/><\/figure>\n<p><span class=\"c5\"><strong>La 26\u00e8me \u00e9dition du Festival de F\u00e8s des musiques sacr\u00e9es et son forum \u00abUne \u00e2me pour la mondialisation\u00bb seront \u00abun rendez- vous mobilisateur pour la relance d\u2019une nouvelle dynamique\u00bb.<\/strong><\/span><span id=\"more-371042\"\/><\/p>\n<p>La volont\u00e9 est exprim\u00e9e, lors d\u2019une r\u00e9union tenue r\u00e9cemment sous la pr\u00e9sidence du wali de la r\u00e9gion F\u00e8s-Mekn\u00e8s par Abdelhamid Benmakhlouf, pr\u00e9sident de l\u2019Association F\u00e8s-Sa\u00efss, initiatrice des deux \u00e9v\u00e9nements pr\u00e9vus \u00e9ventuellement du 4 au 12 juin. \u00abDate qui pourrait naturellement \u00eatre sujette \u00e0 modification, selon l\u2019\u00e9volution de la situation sanitaire\u00bb, pr\u00e9cise la structure associative. Selon la m\u00eame source, le pr\u00e9sident de F\u00e8s-Saiss a \u00e9galement indiqu\u00e9 que le Festival a \u00e9t\u00e9 repr\u00e9sent\u00e9, \u00e0 travers son directeur g\u00e9n\u00e9ral, Faouzi Skali, \u00e0 une conf\u00e9rence internationale digitale sous l\u2019\u00e9gide des ambassades de la Colombie a\u0300 travers le monde, pour souligner l\u2019importance et la fonction salvatrice de l\u2019art et de la musique, en ces temps de transition sanitaire. Et ce n\u2019est pas tout. \u00abUn programme de cette nouvelle \u00e9dition du Festival des musiques sacr\u00e9es est aussi pr\u00e9vu, \u00e0 l\u2019\u00e9chelle internationale, avec les villes jumel\u00e9es \u00e0 F\u00e8s\u00bb, d\u00e9taille la m\u00eame source. Mieux encore, le festival se veut de cr\u00e9er une mobilisation pour la relance du tourisme via les activit\u00e9s culturelles et artistiques.<\/p>\n<\/div>\n<p>Auteur: ALM<br \/>\n<a href=\"https:\/\/aujourdhui.ma\/culture\/le-festival-de-fes-se-prepare-doucement-mais-surement\">Cliquez ici pour lire l&rsquo;article depuis sa source.<\/a><\/p>\n","protected":false},"excerpt":{"rendered":"<p>Publi\u00e9 par ALM Date\u00a0:mars 15, 2021 dans:Culture 30Vues La 26\u00e8me \u00e9dition du Festival de F\u00e8s des musiques sacr\u00e9es et son forum \u00abUne \u00e2me pour la mondialisation\u00bb seront \u00abun rendez- vous mobilisateur pour la relance d\u2019une nouvelle dynamique\u00bb. La volont\u00e9 est exprim\u00e9e, lors d\u2019une r\u00e9union tenue r\u00e9cemment sous la pr\u00e9sidence du wali de la r\u00e9gion F\u00e8s-Mekn\u00e8s [&hellip;]<\/p>\n","protected":false},"author":1759,"featured_media":0,"comment_status":"closed","ping_status":"closed","sticky":false,"template":"","format":"standard","meta":{"fifu_image_url":"http:\/\/aujourdhui.ma\/wp-content\/uploads\/2021\/03\/Le-festival-de-Fes-se-prepare-doucement-mais-surement.jpg","fifu_image_alt":"Le festival de F\u00e8s se pr\u00e9pare doucement mais s\u00fbrement","footnotes":""},"categories":[73,54],"tags":[],"class_list":["post-113107","post","type-post","status-publish","format-standard","hentry","category-actualite","category-maroc"],"_links":{"self":[{"href":"https:\/\/linitiative.ca\/International\/wp-json\/wp\/v2\/posts\/113107","targetHints":{"allow":["GET"]}}],"collection":[{"href":"https:\/\/linitiative.ca\/International\/wp-json\/wp\/v2\/posts"}],"about":[{"href":"https:\/\/linitiative.ca\/International\/wp-json\/wp\/v2\/types\/post"}],"author":[{"embeddable":true,"href":"https:\/\/linitiative.ca\/International\/wp-json\/wp\/v2\/users\/1759"}],"replies":[{"embeddable":true,"href":"https:\/\/linitiative.ca\/International\/wp-json\/wp\/v2\/comments?post=113107"}],"version-history":[{"count":0,"href":"https:\/\/linitiative.ca\/International\/wp-json\/wp\/v2\/posts\/113107\/revisions"}],"wp:attachment":[{"href":"https:\/\/linitiative.ca\/International\/wp-json\/wp\/v2\/media?parent=113107"}],"wp:term":[{"taxonomy":"category","embeddable":true,"href":"https:\/\/linitiative.ca\/International\/wp-json\/wp\/v2\/categories?post=113107"},{"taxonomy":"post_tag","embeddable":true,"href":"https:\/\/linitiative.ca\/International\/wp-json\/wp\/v2\/tags?post=113107"}],"curies":[{"name":"wp","href":"https:\/\/api.w.org\/{rel}","templated":true}]}}