{"id":113108,"date":"2021-03-15T10:00:45","date_gmt":"2021-03-15T14:00:45","guid":{"rendered":"https:\/\/linitiative.ca\/International\/autonomisation-economique-des-femmes-du-nord-le-programme-regions-emergentes-en-phase-dappel-doffres\/"},"modified":"2021-03-15T10:00:45","modified_gmt":"2021-03-15T14:00:45","slug":"autonomisation-economique-des-femmes-du-nord-le-programme-regions-emergentes-en-phase-dappel-doffres","status":"publish","type":"post","link":"https:\/\/linitiative.ca\/International\/autonomisation-economique-des-femmes-du-nord-le-programme-regions-emergentes-en-phase-dappel-doffres\/","title":{"rendered":"Autonomisation \u00e9conomique des femmes du Nord  : Le programme \u00abR\u00e9gions \u00e9mergentes\u00bb  en phase d\u2019appel d\u2019offres"},"content":{"rendered":"<figure class=\"post-thumbnail\" itemprop=\"associatedMedia\" itemscope=\"itemscope\" itemtype=\"http:\/\/schema.org\/ImageObject\"><img decoding=\"async\" class=\"post_layout_5_img\" src=\"http:\/\/aujourdhui.ma\/wp-content\/uploads\/2021\/03\/Textile-femmes-du-Nord-Le-programme-Re\u0301gions-e\u0301mergentes-.jpg\" alt=\"Autonomisation \u00e9conomique des femmes du Nord : Le programme \u00abR\u00e9gions \u00e9mergentes\u00bb en phase d\u2019appel d\u2019offres\"\/><\/figure>\n<p><span class=\"c5\"><strong>D\u2019une enveloppe budg\u00e9taire globale de 12 millions de dirhams, cette initiative s\u2019inscrit dans le cadre du programme national int\u00e9gr\u00e9 pour l\u2019autonomisation \u00e9conomique des femmes \u00e0 l\u2019horizon 2030.<\/strong><\/span><span id=\"more-371059\"\/><\/p>\n<p>Promouvoir les droits \u00e9conomiques et sociaux des femmes, en particulier celles en situation difficile et pr\u00e9caire, \u00e0 travers la cr\u00e9ation et le d\u00e9veloppement de leurs projets et activit\u00e9s cr\u00e9ateurs de revenus. Tel est l\u2019objectif principal du programme r\u00e9gional de qualification et d\u2019autonomisation \u00e9conomique des femmes et des jeunes filles, qui vient d\u2019entrer en phase d\u2019appel offres conform\u00e9ment aux dispositions d\u2019une convention tripartite liant le minist\u00e8re de la solidarit\u00e9, du d\u00e9veloppement social, de l\u2019\u00e9galit\u00e9 et de la famille, la wilaya de la r\u00e9gion Tanger-T\u00e9touan-Al Hoceima et le conseil r\u00e9gional.<\/p>\n<p>Lanc\u00e9 plus pr\u00e9cis\u00e9ment du 4 au 18 mars, cet appel d\u2019offres va permettre l\u2019entr\u00e9e en vigueur de la premi\u00e8re phase de ce programme r\u00e9gional intitul\u00e9e \u00abR\u00e9gions \u00e9mergentes\u00bb. D\u2019une enveloppe budg\u00e9taire globale de 12 millions de dirhams, cette initiative s\u2019inscrit dans le cadre du programme national int\u00e9gr\u00e9 pour l\u2019autonomisation \u00e9conomique des femmes \u00e0 l\u2019horizon 2030 et conform\u00e9ment \u00e0 la loi n\u00b0 79-14 relative \u00e0 l\u2019Autorit\u00e9 pour la parit\u00e9 et la lutte contre toutes formes de discrimination.<\/p>\n<p>Lanc\u00e9 dans la province de T\u00e9touan et la pr\u00e9fecture de M\u2019diq-Fnideq, \u00abR\u00e9gions \u00e9mergentes\u00bb cible, dans cette premi\u00e8re \u00e9tape, les femmes et les jeunes filles porteuses d\u2019id\u00e9es et des projets \u00e9conomiques sur ce territoire. Il vise \u00e0 contribuer \u00e0 l\u2019am\u00e9lioration des conditions de vie des femmes b\u00e9n\u00e9ficiaires et les int\u00e9grer dans le processus de d\u00e9veloppement de ce territoire. Ainsi, les femmes et jeunes filles b\u00e9n\u00e9ficiaires vont suivre des ateliers de formation, d\u2019encadrement et d\u2019accompagnement sur les diff\u00e9rentes \u00e9tapes de l\u2019\u00e9laboration, de la mise en place et du d\u00e9veloppement de leurs TPE ou de les aider de se constituer en coop\u00e9ratives dans leurs domaines d\u2019activit\u00e9s.<br \/>Rappelons que ce programme r\u00e9gional est le fruit d\u2019une convention tripartite de partenariat, dont les dispositions ont \u00e9t\u00e9 approuv\u00e9es lors de l\u2019une des sessions du conseil r\u00e9gional de Tanger-T\u00e9touan-Al Hoceima. La wilaya est engag\u00e9e en collaboration avec ses partenaires, en l\u2019occurrence le d\u00e9partement de tutelle et la r\u00e9gion, pour r\u00e9aliser au niveau r\u00e9gional tous les objectifs trac\u00e9s dans le cadre du programme national int\u00e9gr\u00e9 pour l\u2019autonomisation \u00e9conomique des femmes.<\/p>\n<p>Il s\u2019agit \u00e9galement d\u2019encourager des collectivit\u00e9s territoriales, des repr\u00e9sentants de la soci\u00e9t\u00e9 civile et des instances consultatives de l\u2019\u00e9quit\u00e9, de l\u2019\u00e9galit\u00e9 des chances et de l\u2019approche genre ainsi que leurs partenaires institutionnels et concern\u00e9s, \u00e0 l\u2019adh\u00e9sion de ce projet. Sur le co\u00fbt global de la mise en \u0153uvre de ce programme r\u00e9gional de 12 millions de dirhams, la r\u00e9gion s\u2019engage \u00e0 y contribuer de quelque 6 millions de dirhams. Alors que le minist\u00e8re de tutelle a pour mission d\u2019y assurer le financement de l\u2019autre moiti\u00e9 du montant de ce projet.<\/p>\n<p>Auteur: Najat Fa\u00efssal<br \/>\n<a href=\"https:\/\/aujourdhui.ma\/economie\/autonomisation-economique-des-femmes-du-nord-le-programme-regions-emergentes-en-phase-dappel-doffres\">Cliquez ici pour lire l&rsquo;article depuis sa source.<\/a><\/p>\n","protected":false},"excerpt":{"rendered":"<p>D\u2019une enveloppe budg\u00e9taire globale de 12 millions de dirhams, cette initiative s\u2019inscrit dans le cadre du programme national int\u00e9gr\u00e9 pour l\u2019autonomisation \u00e9conomique des femmes \u00e0 l\u2019horizon 2030. Promouvoir les droits \u00e9conomiques et sociaux des femmes, en particulier celles en situation difficile et pr\u00e9caire, \u00e0 travers la cr\u00e9ation et le d\u00e9veloppement de leurs projets et activit\u00e9s [&hellip;]<\/p>\n","protected":false},"author":1759,"featured_media":0,"comment_status":"closed","ping_status":"closed","sticky":false,"template":"","format":"standard","meta":{"fifu_image_url":"http:\/\/aujourdhui.ma\/wp-content\/uploads\/2021\/03\/Textile-femmes-du-Nord-Le-programme-Re\u0301gions-e\u0301mergentes-.jpg","fifu_image_alt":"Autonomisation \u00e9conomique des femmes du Nord  : Le programme \u00abR\u00e9gions \u00e9mergentes\u00bb  en phase d\u2019appel d\u2019offres","footnotes":""},"categories":[73,54],"tags":[],"class_list":["post-113108","post","type-post","status-publish","format-standard","hentry","category-actualite","category-maroc"],"_links":{"self":[{"href":"https:\/\/linitiative.ca\/International\/wp-json\/wp\/v2\/posts\/113108","targetHints":{"allow":["GET"]}}],"collection":[{"href":"https:\/\/linitiative.ca\/International\/wp-json\/wp\/v2\/posts"}],"about":[{"href":"https:\/\/linitiative.ca\/International\/wp-json\/wp\/v2\/types\/post"}],"author":[{"embeddable":true,"href":"https:\/\/linitiative.ca\/International\/wp-json\/wp\/v2\/users\/1759"}],"replies":[{"embeddable":true,"href":"https:\/\/linitiative.ca\/International\/wp-json\/wp\/v2\/comments?post=113108"}],"version-history":[{"count":0,"href":"https:\/\/linitiative.ca\/International\/wp-json\/wp\/v2\/posts\/113108\/revisions"}],"wp:attachment":[{"href":"https:\/\/linitiative.ca\/International\/wp-json\/wp\/v2\/media?parent=113108"}],"wp:term":[{"taxonomy":"category","embeddable":true,"href":"https:\/\/linitiative.ca\/International\/wp-json\/wp\/v2\/categories?post=113108"},{"taxonomy":"post_tag","embeddable":true,"href":"https:\/\/linitiative.ca\/International\/wp-json\/wp\/v2\/tags?post=113108"}],"curies":[{"name":"wp","href":"https:\/\/api.w.org\/{rel}","templated":true}]}}