{"id":113112,"date":"2021-03-15T08:36:24","date_gmt":"2021-03-15T12:36:24","guid":{"rendered":"https:\/\/linitiative.ca\/International\/%ef%bb%bflagence-brand-image-primee\/"},"modified":"2021-03-15T08:36:24","modified_gmt":"2021-03-15T12:36:24","slug":"%ef%bb%bflagence-brand-image-primee","status":"publish","type":"post","link":"https:\/\/linitiative.ca\/International\/%ef%bb%bflagence-brand-image-primee\/","title":{"rendered":"\ufeffL\u2019agence \u201cBrand &amp; Image\u201d prim\u00e9e"},"content":{"rendered":"<p class=\"c1\"><strong>\u00ab\u00a0MEA Business Awards 2020\u00a0\u00bb<\/strong><\/p>\n<p><strong>Le prix de la meilleure agence Relations Presse (RP) \u00ab\u00a0MEA Business Awards 2020\u00a0\u00bb, a \u00e9t\u00e9 attribu\u00e9 par le magazine britannique MEA Markets \u00e0 l\u2019agence \u00ab\u00a0Brand &amp; Image\u00a0\u00bb.\u00a0 Cet Award r\u00e9compense pour la cinqui\u00e8me ann\u00e9e les acteurs les plus dynamiques dans leur secteur d\u2019activit\u00e9 au sein de R\u00e9gion Moyen-Orient et Afrique, pr\u00e9cise un communiqu\u00e9 de l\u2019Agence.<\/strong><\/p>\n<p>A cette occasion, la coordonnatrice des \u00ab\u00a0MEA Business Awards\u00a0\u00bb, Katherine Benton a f\u00e9licit\u00e9 tous ceux qui ont \u00e9t\u00e9 reconnus dans l\u2019\u00e9dition 2020 de ce programme, qui a \u00e9t\u00e9 l\u2019une des ann\u00e9es les plus difficiles auxquelles la r\u00e9gion du Moyen-Orient et Afrique a \u00e9t\u00e9 confront\u00e9e, avec peu de pr\u00e9c\u00e9dents pour guider les solutions.<\/p>\n<p>\u00ab\u00a0Bien que cela ait \u00e9t\u00e9 une p\u00e9riode de 12 mois difficile, tous ceux qui sont reconnus ont r\u00e9ussi \u00e0 r\u00e9ussir \u00e0 une \u00e9poque o\u00f9 le succ\u00e8s a un objectif presque irr\u00e9alisable. J\u2019esp\u00e8re que vous avez tous un fantastique 2021 \u00e0 venir\u00a0\u00bb, a comment\u00e9 Mme.Benton.<\/p>\n<p>Et de soutenir : \u00ab\u00a0Dans les circonstances dans lesquelles se trouvaient des entreprises de toutes tailles, l\u2019esprit d\u2019entreprise de cette vaste r\u00e9gion s\u2019est impos\u00e9, servant de guide lorsque d\u2019autres options faisaient d\u00e9faut. C\u2019est dans cette optique que nous avons organis\u00e9 les prix 2020\u00a0\u00bb.<\/p>\n<p>Publi\u00e9 tous les trimestres, MEA Markets s\u2019efforce de fournir aux lecteurs les derni\u00e8res nouvelles sur les affaires et les investissements au Moyen-Orient et en Afrique. Suivre le rythme d\u2019un vaste \u00e9ventail de secteurs en constante \u00e9volution gr\u00e2ce aux contributions r\u00e9guli\u00e8res de certains des plus grands professionnels de l\u2019entreprise de la r\u00e9gion dans une vari\u00e9t\u00e9 d\u2019industries, MEA Markets abrite les meilleures nouvelles, fonctionnalit\u00e9s et commentaires des personnes et des institutions au courant.<\/p>\n<p>Auteur: M&rsquo;hammed rahal<br \/>\n<a href=\"http:\/\/albayane.press.ma\/%EF%BB%BFlagence-brand-image-primee.html\">Cliquez ici pour lire l&rsquo;article depuis sa source.<\/a><\/p>\n","protected":false},"excerpt":{"rendered":"<p>\u00ab\u00a0MEA Business Awards 2020\u00a0\u00bb Le prix de la meilleure agence Relations Presse (RP) \u00ab\u00a0MEA Business Awards 2020\u00a0\u00bb, a \u00e9t\u00e9 attribu\u00e9 par le magazine britannique MEA Markets \u00e0 l\u2019agence \u00ab\u00a0Brand &amp; Image\u00a0\u00bb.\u00a0 Cet Award r\u00e9compense pour la cinqui\u00e8me ann\u00e9e les acteurs les plus dynamiques dans leur secteur d\u2019activit\u00e9 au sein de R\u00e9gion Moyen-Orient et Afrique, pr\u00e9cise [&hellip;]<\/p>\n","protected":false},"author":1760,"featured_media":0,"comment_status":"closed","ping_status":"closed","sticky":false,"template":"","format":"standard","meta":{"fifu_image_url":"","fifu_image_alt":"","footnotes":""},"categories":[73,54],"tags":[],"class_list":["post-113112","post","type-post","status-publish","format-standard","hentry","category-actualite","category-maroc"],"_links":{"self":[{"href":"https:\/\/linitiative.ca\/International\/wp-json\/wp\/v2\/posts\/113112","targetHints":{"allow":["GET"]}}],"collection":[{"href":"https:\/\/linitiative.ca\/International\/wp-json\/wp\/v2\/posts"}],"about":[{"href":"https:\/\/linitiative.ca\/International\/wp-json\/wp\/v2\/types\/post"}],"author":[{"embeddable":true,"href":"https:\/\/linitiative.ca\/International\/wp-json\/wp\/v2\/users\/1760"}],"replies":[{"embeddable":true,"href":"https:\/\/linitiative.ca\/International\/wp-json\/wp\/v2\/comments?post=113112"}],"version-history":[{"count":0,"href":"https:\/\/linitiative.ca\/International\/wp-json\/wp\/v2\/posts\/113112\/revisions"}],"wp:attachment":[{"href":"https:\/\/linitiative.ca\/International\/wp-json\/wp\/v2\/media?parent=113112"}],"wp:term":[{"taxonomy":"category","embeddable":true,"href":"https:\/\/linitiative.ca\/International\/wp-json\/wp\/v2\/categories?post=113112"},{"taxonomy":"post_tag","embeddable":true,"href":"https:\/\/linitiative.ca\/International\/wp-json\/wp\/v2\/tags?post=113112"}],"curies":[{"name":"wp","href":"https:\/\/api.w.org\/{rel}","templated":true}]}}