{"id":113113,"date":"2021-03-15T08:47:07","date_gmt":"2021-03-15T12:47:07","guid":{"rendered":"https:\/\/linitiative.ca\/International\/%ef%bb%bfla-cpi-veut-enqueter-sur-les-crimes-commis\/"},"modified":"2021-03-15T08:47:07","modified_gmt":"2021-03-15T12:47:07","slug":"%ef%bb%bfla-cpi-veut-enqueter-sur-les-crimes-commis","status":"publish","type":"post","link":"https:\/\/linitiative.ca\/International\/%ef%bb%bfla-cpi-veut-enqueter-sur-les-crimes-commis\/","title":{"rendered":"\ufeffLa CPI veut enqu\u00eater sur les crimes commis"},"content":{"rendered":"<p class=\"has-text-color has-vivid-red-color c1\"><strong>Attendons pour voir\u2026<\/strong><\/p>\n<p><strong>en Cisjordanie et \u00e0 Gaza<\/strong><\/p>\n<p><strong>Si certains observateurs ne lui ont pas accord\u00e9 une grande importance car venue 54 ans apr\u00e8s le d\u00e9but de l\u2019occupation, par Isra\u00ebl, de la Cisjordanie et de la bande de Gaza, nombreux sont ceux qui ont pouss\u00e9 un grand \u00ab\u00a0ouf\u00a0\u00bb de soulagement \u00e0 l\u2019annonce, le 3 mars dernier, par Fatou Bensouda, la procureure de la Cour P\u00e9nale Internationale, de l\u2019ouverture d\u2019une enqu\u00eate pour les crimes commis, depuis 2014, par l\u2019Etat h\u00e9breu, dans les territoires palestiniens occup\u00e9s. Cette saisine qui, d\u2019un point de vue purement juridique, n\u2019est qu\u2019une officialisation de pure forme, constitue, n\u00e9anmoins, un v\u00e9ritable s\u00e9isme du point de vue politique.<\/strong><\/p>\n<p>Pour rappel, dans un rapport publi\u00e9 en 2019, la magistrate gambienne pr\u00e9voyait de se pencher sur trois sujets ; \u00e0 savoir, celui aff\u00e9rent aux crimes pr\u00e9sum\u00e9s commis, dans la bande de Gaza, aussi bien par l\u2019arm\u00e9e isra\u00e9lienne que par le Hamas, le dossier concernant la r\u00e9pression de la \u00abmarche du retour \u00bb de 2018 qui avait fait 200 morts et des milliers de bless\u00e9s et, enfin, la question de la colonisation juive en Cisjordanie d\u00e8s lors qu\u2019il s\u2019agit d\u2019une violation de la Convention de Gen\u00e8ve interdisant toute modification de la d\u00e9mographie d\u2019un territoire occup\u00e9.\u00a0\u00a0<\/p>\n<p>Or, bien que ni les Etats-Unis, ni Isra\u00ebl ne reconnaissent la CPI et que l\u2019Autorit\u00e9 palestinienne n\u2019y a adh\u00e9r\u00e9 qu\u2019en 2015 apr\u00e8s avoir obtenu le statut d\u2019observateur aux Nations-Unies, l\u2019accueil que r\u00e9servera, \u00e0 cette enqu\u00eate, le nouveau pr\u00e9sident am\u00e9ricain, Joe Biden, constituera un marqueur de sa politique proche-orientale en ce moment o\u00f9 la normalisation des relations entre Isra\u00ebl et de nombreux pays arabes, n\u00e9goci\u00e9e par son pr\u00e9d\u00e9cesseur, risque fort de marginaliser la question du droit des Palestiniens \u00e0 un Etat.<\/p>\n<p>Aussi, en consid\u00e9rant que le syst\u00e8me judiciaire isra\u00e9lien d\u00e9nie aux palestiniens toute capacit\u00e9 \u00e0 obtenir r\u00e9paration puisque toutes leurs tentatives de d\u00e9fendre leurs droits soit pacifiquement par la n\u00e9gociation soit par les armes sont rest\u00e9es vaines, il est clair que le dossier ouvert par la CPI constitue une ind\u00e9niable planche de salut pour l\u2019Autorit\u00e9 palestinienne mais, \u00e9galement, un grand test de cr\u00e9dibilit\u00e9 pour le nouveau locataire de la Maison Blanche et toutes les chancelleries occidentales qui sont suppos\u00e9es d\u00e9fendre la \u00ab\u00a0solution \u00e0 deux Etats\u00a0\u00bb mais qui r\u00e9pugnent encore \u00e0 peser sur l\u2019Etat h\u00e9breu pour qu\u2019il mette fin \u00e0 sa politique d\u2019annexion et de fait accompli.<\/p>\n<p>Mais en consid\u00e9rant que Joe Biden qui h\u00e9site encore \u00e0 lever les sanctions inflig\u00e9es par Donald Trump \u00e0 Fatou Bensouda ne semble \u00eatre pr\u00eat ni \u00e0 respecter l\u2019ind\u00e9pendance de la CPI ni \u00e0 restaurer la diplomatie \u00ab\u00a0des valeurs\u00a0\u00bb qu\u2019il avait tant vant\u00e9, l\u2019avocat britannique Karim Khan, appel\u00e9 \u00e0 succ\u00e9der \u00e0 la mi-juin, \u00e0 Fatou Bensouda devra, imp\u00e9rativement, faire preuve de la m\u00eame inflexibilit\u00e9 que cette derni\u00e8re notamment en ce moment o\u00f9 l\u2019id\u00e9al de justice universelle a bien du mal \u00e0 relever la t\u00eate.<\/p>\n<p>Enfin, la d\u00e9cision prise par la CPI et consid\u00e9r\u00e9e par le Premier ministre Benjamin Netanyahou comme \u00e9tant \u00ab anti-s\u00e9mite\u00a0\u00bb pourrait se r\u00e9v\u00e9ler particuli\u00e8rement\u00a0 compliqu\u00e9e car pour recueillir les t\u00e9moignages sur les crimes pr\u00e9sum\u00e9s, il faut entrer en Cisjordanie et qu\u2019il\u00a0 est pratiquement certain qu\u2019Isra\u00ebl \u00ab\u00a0n\u2019autorisera pas les repr\u00e9sentants de la CPI \u00e0 entrer dans le pays\u00a0\u00bb \u00e0 telle enseigne que, comme l\u2019a soulign\u00e9 le quotidien isra\u00e9lien \u00ab\u00a0Ha\u2019Aretz\u00a0\u00bb, cette enqu\u00eate pourrait prendre \u00ab\u00a0des ann\u00e9es avant que des mandats d\u2019arr\u00eat ne soient \u00e9mis\u00a0\u00bb.<\/p>\n<p>Est-ce \u00e0 dire que tout ceci pourrait, en fin de compte, ne constituer qu\u2019une temp\u00eate dans un verre d\u2019eau\u00a0? Attendons pour voir\u2026<\/p>\n<p><strong>Nabil EL BOUSAADI<\/strong><\/p>\n<p>Auteur: M&rsquo;hammed rahal<br \/>\n<a href=\"http:\/\/albayane.press.ma\/%EF%BB%BFla-cpi-veut-enqueter-sur-les-crimes-commis.html\">Cliquez ici pour lire l&rsquo;article depuis sa source.<\/a><\/p>\n","protected":false},"excerpt":{"rendered":"<p>Attendons pour voir\u2026 en Cisjordanie et \u00e0 Gaza Si certains observateurs ne lui ont pas accord\u00e9 une grande importance car venue 54 ans apr\u00e8s le d\u00e9but de l\u2019occupation, par Isra\u00ebl, de la Cisjordanie et de la bande de Gaza, nombreux sont ceux qui ont pouss\u00e9 un grand \u00ab\u00a0ouf\u00a0\u00bb de soulagement \u00e0 l\u2019annonce, le 3 mars [&hellip;]<\/p>\n","protected":false},"author":1760,"featured_media":0,"comment_status":"closed","ping_status":"closed","sticky":false,"template":"","format":"standard","meta":{"fifu_image_url":"","fifu_image_alt":"","footnotes":""},"categories":[73,54],"tags":[],"class_list":["post-113113","post","type-post","status-publish","format-standard","hentry","category-actualite","category-maroc"],"_links":{"self":[{"href":"https:\/\/linitiative.ca\/International\/wp-json\/wp\/v2\/posts\/113113","targetHints":{"allow":["GET"]}}],"collection":[{"href":"https:\/\/linitiative.ca\/International\/wp-json\/wp\/v2\/posts"}],"about":[{"href":"https:\/\/linitiative.ca\/International\/wp-json\/wp\/v2\/types\/post"}],"author":[{"embeddable":true,"href":"https:\/\/linitiative.ca\/International\/wp-json\/wp\/v2\/users\/1760"}],"replies":[{"embeddable":true,"href":"https:\/\/linitiative.ca\/International\/wp-json\/wp\/v2\/comments?post=113113"}],"version-history":[{"count":0,"href":"https:\/\/linitiative.ca\/International\/wp-json\/wp\/v2\/posts\/113113\/revisions"}],"wp:attachment":[{"href":"https:\/\/linitiative.ca\/International\/wp-json\/wp\/v2\/media?parent=113113"}],"wp:term":[{"taxonomy":"category","embeddable":true,"href":"https:\/\/linitiative.ca\/International\/wp-json\/wp\/v2\/categories?post=113113"},{"taxonomy":"post_tag","embeddable":true,"href":"https:\/\/linitiative.ca\/International\/wp-json\/wp\/v2\/tags?post=113113"}],"curies":[{"name":"wp","href":"https:\/\/api.w.org\/{rel}","templated":true}]}}