{"id":113114,"date":"2021-03-15T08:50:48","date_gmt":"2021-03-15T12:50:48","guid":{"rendered":"https:\/\/linitiative.ca\/International\/%ef%bb%bfagadir-signature-de-laccord-cadre-sur-le-programme-regional-de-promotion-de-lemploi\/"},"modified":"2021-03-15T08:50:48","modified_gmt":"2021-03-15T12:50:48","slug":"%ef%bb%bfagadir-signature-de-laccord-cadre-sur-le-programme-regional-de-promotion-de-lemploi","status":"publish","type":"post","link":"https:\/\/linitiative.ca\/International\/%ef%bb%bfagadir-signature-de-laccord-cadre-sur-le-programme-regional-de-promotion-de-lemploi\/","title":{"rendered":"\ufeffAgadir : signature de l\u2019accord-cadre sur le programme r\u00e9gional de promotion de l\u2019emploi"},"content":{"rendered":"<p class=\"has-text-color has-vivid-red-color c1\"><strong>Souss Massa<\/strong><\/p>\n<p><strong>L\u2019accord-cadre sur le programme r\u00e9gional de promotion de l\u2019emploi dans la r\u00e9gion du Souss Massa \u00e0 \u00e9t\u00e9 sign\u00e9 lundi \u00e0 Agadir, sous la pr\u00e9sidence du ministre du travail et de l\u2019insertion professionnelle, Mohamed Amekraz .<\/strong><\/p>\n<p>Paraph\u00e9 par M. Amekraz, le Wali de la r\u00e9gion de Souss Massa, Gouverneur de la pr\u00e9fecture d\u2019Agadir-Ida Ou Tanane, Ahmed Hajji, et le Pr\u00e9sident du Conseil de la R\u00e9gion, Ibrahim Hafidi, cet accord vise \u00e0 d\u00e9velopper et mettre en \u0153uvre un programme r\u00e9gional de promotion emploi pour la p\u00e9riode 2020-2022 entre l\u2019Etat et la r\u00e9gion.<\/p>\n<p>Ce programme s\u2019appuie sur les projets et objectifs programm\u00e9s dans le cadre du programme de d\u00e9veloppement r\u00e9gional et sur les mesures inscrites dans le plan national de promotion de l\u2019emploi, notamment en ce qui concerne les programmes actifs d\u2019emploi.<\/p>\n<p>Il vise \u00e9galement \u00e0 permettre aux demandeurs d\u2019emploi appartenant \u00e0 la r\u00e9gion, en particulier aux jeunes, de profiter des opportunit\u00e9s d\u2019emploi disponibles, que ce soit dans la r\u00e9gion ou dans le reste des autres r\u00e9gions ou en dehors du territoire national.<\/p>\n<p>La c\u00e9r\u00e9monie de signature de cet accord, a \u00e9galement \u00e9t\u00e9 l\u2019occasion de lancer un dispositif de r\u00e9gulation r\u00e9gionale et inter-r\u00e9gionale, en partenariat avec les entrepreneurs sp\u00e9cialis\u00e9s dans l\u2019industrie automobile, ayant pour objectifs de r\u00e9duire les disparit\u00e9s r\u00e9gionales en terme d\u2019opportunit\u00e9 d\u2019emploi , satisfaire les offres d\u2019emploi massives et normaliser les pratiques de traitement des offres emploi via ce dispositif , avec la coordination et la coop\u00e9ration des autorit\u00e9s locales.<\/p>\n<p>S\u2019exprimant \u00e0 cette occasion, M.Amekraz a soulign\u00e9 que les chantiers r\u00e9gionaux de l\u2019emploi ont connu la r\u00e9alisation de plusieurs programmes et d\u00e9marches r\u00e9gionales compl\u00e9mentaires aux mesures nationales pour l\u2019emploi visant \u00e0 soutenir l\u2019emploi dans les associations et les professions lib\u00e9rales et \u00e0 promouvoir l\u2019\u00e9tablissement des petites entreprises et des formations qualifiantes au profit des non dipl\u00f4m\u00e9s, ainsi que l\u2019appui aux contrats de travail salari\u00e9 au profit de diff\u00e9rentes cat\u00e9gories de chercheurs d\u2019emploi qui souffrent de difficult\u00e9s d\u2019insertion professionnelle et l\u2019accompagnement des porteurs de projets par l\u2019octroi de subventions pour faciliter le d\u00e9marrage.<\/p>\n<p>Les efforts concert\u00e9s et l\u2019action conjointe de tous les acteurs et intervenants de la r\u00e9gion contribueront in\u00e9vitablement au succ\u00e8s de ces grands chantiers \u00e9conomiques et sociaux et \u00e0 accro\u00eetre la demande pour les comp\u00e9tences des jeunes de la r\u00e9gion, a-t-il insist\u00e9.<\/p>\n<p>Cet accord s\u2019inscrit dans le cadre de la r\u00e9gionalisation de l\u2019emploi, qui constitue une comp\u00e9tence propre et conjointe des r\u00e9gions qui sont l\u2019espace optimal pour coordonner les efforts et le travail des intervenants et d\u00e9velopper l\u2019harmonie entre les diff\u00e9rentes politiques publiques, programmes et plans sectoriels.<\/p>\n<p>A l\u2019issue de la c\u00e9r\u00e9monie de signature de l\u2019accord, M.Amekraz a effectu\u00e9 une visite au si\u00e8ges de la Caisse nationale de s\u00e9curit\u00e9 sociale (CNSS), de la direction r\u00e9gionale du travail et de l\u2019insertion professionnelle et de l\u2019Agence nationale de promotion de l\u2019emploi et des comp\u00e9tences (ANAPEC) \u00e0 Agadir.<\/p>\n<p>Auteur: M&rsquo;hammed rahal<br \/>\n<a href=\"http:\/\/albayane.press.ma\/%EF%BB%BFagadir-signature-de-laccord-cadre-sur-le-programme-regional-de-promotion-de-lemploi.html\">Cliquez ici pour lire l&rsquo;article depuis sa source.<\/a><\/p>\n","protected":false},"excerpt":{"rendered":"<p>Souss Massa L\u2019accord-cadre sur le programme r\u00e9gional de promotion de l\u2019emploi dans la r\u00e9gion du Souss Massa \u00e0 \u00e9t\u00e9 sign\u00e9 lundi \u00e0 Agadir, sous la pr\u00e9sidence du ministre du travail et de l\u2019insertion professionnelle, Mohamed Amekraz . Paraph\u00e9 par M. Amekraz, le Wali de la r\u00e9gion de Souss Massa, Gouverneur de la pr\u00e9fecture d\u2019Agadir-Ida Ou [&hellip;]<\/p>\n","protected":false},"author":1760,"featured_media":0,"comment_status":"closed","ping_status":"closed","sticky":false,"template":"","format":"standard","meta":{"fifu_image_url":"","fifu_image_alt":"","footnotes":""},"categories":[73,54],"tags":[],"class_list":["post-113114","post","type-post","status-publish","format-standard","hentry","category-actualite","category-maroc"],"_links":{"self":[{"href":"https:\/\/linitiative.ca\/International\/wp-json\/wp\/v2\/posts\/113114","targetHints":{"allow":["GET"]}}],"collection":[{"href":"https:\/\/linitiative.ca\/International\/wp-json\/wp\/v2\/posts"}],"about":[{"href":"https:\/\/linitiative.ca\/International\/wp-json\/wp\/v2\/types\/post"}],"author":[{"embeddable":true,"href":"https:\/\/linitiative.ca\/International\/wp-json\/wp\/v2\/users\/1760"}],"replies":[{"embeddable":true,"href":"https:\/\/linitiative.ca\/International\/wp-json\/wp\/v2\/comments?post=113114"}],"version-history":[{"count":0,"href":"https:\/\/linitiative.ca\/International\/wp-json\/wp\/v2\/posts\/113114\/revisions"}],"wp:attachment":[{"href":"https:\/\/linitiative.ca\/International\/wp-json\/wp\/v2\/media?parent=113114"}],"wp:term":[{"taxonomy":"category","embeddable":true,"href":"https:\/\/linitiative.ca\/International\/wp-json\/wp\/v2\/categories?post=113114"},{"taxonomy":"post_tag","embeddable":true,"href":"https:\/\/linitiative.ca\/International\/wp-json\/wp\/v2\/tags?post=113114"}],"curies":[{"name":"wp","href":"https:\/\/api.w.org\/{rel}","templated":true}]}}