{"id":113116,"date":"2021-03-15T05:30:00","date_gmt":"2021-03-15T09:30:00","guid":{"rendered":"https:\/\/linitiative.ca\/International\/6-morts-dans-un-accident-de-la-route-a-lehbal\/"},"modified":"2021-03-15T05:30:00","modified_gmt":"2021-03-15T09:30:00","slug":"6-morts-dans-un-accident-de-la-route-a-lehbal","status":"publish","type":"post","link":"https:\/\/linitiative.ca\/International\/6-morts-dans-un-accident-de-la-route-a-lehbal\/","title":{"rendered":"6 morts dans un accident de la route \u00e0 Lehbal"},"content":{"rendered":"<div id=\"originalText\" readability=\"61\">\n<p>Un accident de la circulation a eu lieu hier en fin d\u2019apr\u00e8s-midi au lieudit Lahbel, situ\u00e9 entre les localit\u00e9s de Chetma et de M\u2019chounech, \u00e0 une trentaine de kilom\u00e8tres au nord-est du chef-lieu de la wilaya de Biskra. Selon des sources locales, 6 personnes (2 hommes et 2 femmes, dont 3 d\u2019une m\u00eame famille, ainsi que deux fillettes de moins de 7 ans) ont perdu la vie et 2 autres gri\u00e8vement bless\u00e9es dans une collision entre une camionnette et un v\u00e9hicule utilitaire de marque Accent.\u00a0<\/p>\n<p>Alert\u00e9s, les \u00e9l\u00e9ments de la Protection civile se sont d\u00e9plac\u00e9s sur les lieux du drame pour porter secours aux bless\u00e9s, rapidement \u00e9vacu\u00e9s vers le service des urgences d\u2019une structure sanitaire. Les corps sans vie des victimes ont \u00e9t\u00e9 transport\u00e9s par les m\u00eames services \u00e0 la morgue de l\u2019h\u00f4pital Bachir-Ben-Nacer de Biskra.<\/p>\n<p>De leur c\u00f4t\u00e9, les services de s\u00e9curit\u00e9 territorialement comp\u00e9tents ont ouvert une enqu\u00eate pour d\u00e9terminer les tenants et les aboutissants de cette h\u00e9catombe routi\u00e8re qui n\u2019est pas la premi\u00e8re du genre dans la r\u00e9gion. Il ne se passe pas un jour sans qu\u2019un accident de la circulation soit signal\u00e9.<\/p>\n<p>Et dans la majorit\u00e9 des cas, c\u2019est l\u2019exc\u00e8s de vitesse qui en est la cause principale. Rappelons que cet accident est survenu \u00e0 peine trois jours apr\u00e8s celui qui s\u2019est produit dans la r\u00e9gion d\u2019El-Outaya,\u00a0\u00e0 une vingtaine de kilom\u00e8tres au nord de Biskra, faisant 1 mort et 6 bless\u00e9s graves.\u00a0\u00a0<\/p>\n<p class=\"c6\"><strong>H. BAHAMMA<\/strong><\/p>\n<\/div>\n<div id=\"text_core\" readability=\"61\">\n<p>Un accident de la circulation a eu lieu hier en fin d\u2019apr\u00e8s-midi au lieudit Lahbel, situ\u00e9 entre les localit\u00e9s de Chetma et de M\u2019chounech, \u00e0 une trentaine de kilom\u00e8tres au nord-est du chef-lieu de la wilaya de Biskra. Selon des sources locales, 6 personnes (2 hommes et 2 femmes, dont 3 d\u2019une m\u00eame famille, ainsi que deux fillettes de moins de 7 ans) ont perdu la vie et 2 autres gri\u00e8vement bless\u00e9es dans une collision entre une camionnette et un v\u00e9hicule utilitaire de marque Accent.\u00a0<\/p>\n<p>Alert\u00e9s, les \u00e9l\u00e9ments de la Protection civile se sont d\u00e9plac\u00e9s sur les lieux du drame pour porter secours aux bless\u00e9s, rapidement \u00e9vacu\u00e9s vers le service des urgences d\u2019une structure sanitaire. Les corps sans vie des victimes ont \u00e9t\u00e9 transport\u00e9s par les m\u00eames services \u00e0 la morgue de l\u2019h\u00f4pital Bachir-Ben-Nacer de Biskra.<\/p>\n<p>De leur c\u00f4t\u00e9, les services de s\u00e9curit\u00e9 territorialement comp\u00e9tents ont ouvert une enqu\u00eate pour d\u00e9terminer les tenants et les aboutissants de cette h\u00e9catombe routi\u00e8re qui n\u2019est pas la premi\u00e8re du genre dans la r\u00e9gion. Il ne se passe pas un jour sans qu\u2019un accident de la circulation soit signal\u00e9.<\/p>\n<p>Et dans la majorit\u00e9 des cas, c\u2019est l\u2019exc\u00e8s de vitesse qui en est la cause principale. Rappelons que cet accident est survenu \u00e0 peine trois jours apr\u00e8s celui qui s\u2019est produit dans la r\u00e9gion d\u2019El-Outaya,\u00a0\u00e0 une vingtaine de kilom\u00e8tres au nord de Biskra, faisant 1 mort et 6 bless\u00e9s graves.\u00a0\u00a0<\/p>\n<p class=\"c6\"><strong>H. BAHAMMA<\/strong><\/p>\n<\/div>\n<p>Auteur:<br \/>\n<a href=\"https:\/\/www.liberte-algerie.com\/est\/6-morts-dans-un-accident-de-la-route-a-lehbal-355586\">Cliquez ici pour lire l&rsquo;article depuis sa source.<\/a><\/p>\n","protected":false},"excerpt":{"rendered":"<p>Un accident de la circulation a eu lieu hier en fin d\u2019apr\u00e8s-midi au lieudit Lahbel, situ\u00e9 entre les localit\u00e9s de Chetma et de M\u2019chounech, \u00e0 une trentaine de kilom\u00e8tres au nord-est du chef-lieu de la wilaya de Biskra. Selon des sources locales, 6 personnes (2 hommes et 2 femmes, dont 3 d\u2019une m\u00eame famille, ainsi [&hellip;]<\/p>\n","protected":false},"author":1742,"featured_media":0,"comment_status":"closed","ping_status":"closed","sticky":false,"template":"","format":"standard","meta":{"fifu_image_url":"","fifu_image_alt":"","footnotes":""},"categories":[73,53],"tags":[],"class_list":["post-113116","post","type-post","status-publish","format-standard","hentry","category-actualite","category-algerie"],"_links":{"self":[{"href":"https:\/\/linitiative.ca\/International\/wp-json\/wp\/v2\/posts\/113116","targetHints":{"allow":["GET"]}}],"collection":[{"href":"https:\/\/linitiative.ca\/International\/wp-json\/wp\/v2\/posts"}],"about":[{"href":"https:\/\/linitiative.ca\/International\/wp-json\/wp\/v2\/types\/post"}],"author":[{"embeddable":true,"href":"https:\/\/linitiative.ca\/International\/wp-json\/wp\/v2\/users\/1742"}],"replies":[{"embeddable":true,"href":"https:\/\/linitiative.ca\/International\/wp-json\/wp\/v2\/comments?post=113116"}],"version-history":[{"count":0,"href":"https:\/\/linitiative.ca\/International\/wp-json\/wp\/v2\/posts\/113116\/revisions"}],"wp:attachment":[{"href":"https:\/\/linitiative.ca\/International\/wp-json\/wp\/v2\/media?parent=113116"}],"wp:term":[{"taxonomy":"category","embeddable":true,"href":"https:\/\/linitiative.ca\/International\/wp-json\/wp\/v2\/categories?post=113116"},{"taxonomy":"post_tag","embeddable":true,"href":"https:\/\/linitiative.ca\/International\/wp-json\/wp\/v2\/tags?post=113116"}],"curies":[{"name":"wp","href":"https:\/\/api.w.org\/{rel}","templated":true}]}}