{"id":113118,"date":"2021-03-15T05:30:00","date_gmt":"2021-03-15T09:30:00","guid":{"rendered":"https:\/\/linitiative.ca\/International\/les-habitants-vivent-le-calvaire\/"},"modified":"2021-03-15T05:30:00","modified_gmt":"2021-03-15T09:30:00","slug":"les-habitants-vivent-le-calvaire","status":"publish","type":"post","link":"https:\/\/linitiative.ca\/International\/les-habitants-vivent-le-calvaire\/","title":{"rendered":"Les habitants vivent le calvaire"},"content":{"rendered":"<div id=\"originalText\" readability=\"92\">\n<p>Zone d\u2019ombre par excellence, Gra\u00efdia, village rattach\u00e9 \u00e0 la commune de Tafraoui, situ\u00e9 \u00e0 une trentaine de kilom\u00e8tres au sud-est d\u2019Oran, n\u00e9cessite une mise \u00e0 niveau des infrastructures d\u2019accompagnement du service public. En raison de l\u2019absence des commodit\u00e9s les plus \u00e9l\u00e9mentaires, ses habitants vivent le calvaire.\u00a0<\/p>\n<p>\u201cNi annexe administrative, ni \u00e9cole, ni salle de soins, ni transport, ni infrastructures sportives et culturelles pour les jeunes\u2026 Et pourtant, j\u2019ai rencontr\u00e9 la commission charg\u00e9e des zones d\u2019ombre de la wilaya d\u2019Oran qui s\u2019est d\u00e9plac\u00e9e \u00e0 Gra\u00efdia, mais les promesses ne sont pas tenues apr\u00e8s une ann\u00e9e d\u2019attente\u201d, d\u00e9plore L. Belkacem, un habitant des 40-Logements de l\u2019habitat rural.<\/p>\n<p>Les occupants des 40-Logements r\u00e9clament le gaz de ville afin d\u2019att\u00e9nuer le calvaire endur\u00e9, particuli\u00e8rement pendant l\u2019hiver. \u201cToutes les deux semaines, je suis oblig\u00e9 de porter ma bonbonne de gaz butane sur le dos et de marcher pendant deux kilom\u00e8tres pour m\u2019approvisionner.<\/p>\n<p>Et c\u2019est le cas de la plupart de mes voisins, alors que la conduite principale de gaz de ville est \u00e0 quelques m\u00e8tres de la cit\u00e9. On nous dit que le projet de raccordement est \u00e0 l\u2019arr\u00eat \u00e0 cause d\u2019une facture de 130 millions de centimes\u201d, peste encore Belkacem, qui indique que depuis cinq ans les habitants des 40-Logements se d\u00e9brouillent comme ils peuvent pour s\u2019alimenter en \u00e9lectricit\u00e9.<\/p>\n<p>Dans une lettre de dol\u00e9ances envoy\u00e9e au wali d\u2019Oran, les habitants exposent la situation qu\u2019ils endurent et appellent \u00e0 l\u2019intervention des autorit\u00e9s locales. \u201cL\u2019APC n\u2019a pas d\u2019argent, selon les \u00e9lus. Nous sollicitons l\u2019aide de l\u2019\u00c9tat dans le cadre de l\u2019am\u00e9lioration du cadre de vie des zones d\u2019ombre de la wilaya d\u2019Oran\u201d, indique encore notre interlocuteur.<\/p>\n<p>D\u2019autre part, le transport public et l\u2019\u00e9clairage public sont insuffisants. \u201cSouvent, les enfants scolaris\u00e9s traversent deux kilom\u00e8tres \u00e0 pied pour se rendre \u00e0 l\u2019\u00e9cole, au coll\u00e8ge et au lyc\u00e9e de Tafraoui\u201d, rage Belkacem, qui \u00e9voque aussi l\u2019oisivet\u00e9 et le ch\u00f4mage qui constituent le lot d\u2019une jeunesse d\u00e9sorient\u00e9e qui, \u00e9galement priv\u00e9e d\u2019espaces de d\u00e9tente et de divertissement et m\u00eame d\u2019un stade de football, ne sait plus \u00e0 quel saint se vouer.<\/p>\n<p>D\u2019autre part, l\u2019oued de Gra\u00efdia est devenu une menace en p\u00e9riode d\u2019hiver, d\u2019o\u00f9 la n\u00e9cessit\u00e9 d\u2019une prise en charge des travaux d\u2019\u00e9largissement afin d\u2019\u00e9viter l\u2019irr\u00e9parable.\u00a0\u00a0<\/p>\n<p class=\"c6\"><strong>NOUREDDINE BENABBOU<\/strong><\/p>\n<\/div>\n<div id=\"text_core\" readability=\"92\">\n<p>Zone d\u2019ombre par excellence, Gra\u00efdia, village rattach\u00e9 \u00e0 la commune de Tafraoui, situ\u00e9 \u00e0 une trentaine de kilom\u00e8tres au sud-est d\u2019Oran, n\u00e9cessite une mise \u00e0 niveau des infrastructures d\u2019accompagnement du service public. En raison de l\u2019absence des commodit\u00e9s les plus \u00e9l\u00e9mentaires, ses habitants vivent le calvaire.\u00a0<\/p>\n<p>\u201cNi annexe administrative, ni \u00e9cole, ni salle de soins, ni transport, ni infrastructures sportives et culturelles pour les jeunes\u2026 Et pourtant, j\u2019ai rencontr\u00e9 la commission charg\u00e9e des zones d\u2019ombre de la wilaya d\u2019Oran qui s\u2019est d\u00e9plac\u00e9e \u00e0 Gra\u00efdia, mais les promesses ne sont pas tenues apr\u00e8s une ann\u00e9e d\u2019attente\u201d, d\u00e9plore L. Belkacem, un habitant des 40-Logements de l\u2019habitat rural.<\/p>\n<p>Les occupants des 40-Logements r\u00e9clament le gaz de ville afin d\u2019att\u00e9nuer le calvaire endur\u00e9, particuli\u00e8rement pendant l\u2019hiver. \u201cToutes les deux semaines, je suis oblig\u00e9 de porter ma bonbonne de gaz butane sur le dos et de marcher pendant deux kilom\u00e8tres pour m\u2019approvisionner.<\/p>\n<p>Et c\u2019est le cas de la plupart de mes voisins, alors que la conduite principale de gaz de ville est \u00e0 quelques m\u00e8tres de la cit\u00e9. On nous dit que le projet de raccordement est \u00e0 l\u2019arr\u00eat \u00e0 cause d\u2019une facture de 130 millions de centimes\u201d, peste encore Belkacem, qui indique que depuis cinq ans les habitants des 40-Logements se d\u00e9brouillent comme ils peuvent pour s\u2019alimenter en \u00e9lectricit\u00e9.<\/p>\n<p>Dans une lettre de dol\u00e9ances envoy\u00e9e au wali d\u2019Oran, les habitants exposent la situation qu\u2019ils endurent et appellent \u00e0 l\u2019intervention des autorit\u00e9s locales. \u201cL\u2019APC n\u2019a pas d\u2019argent, selon les \u00e9lus. Nous sollicitons l\u2019aide de l\u2019\u00c9tat dans le cadre de l\u2019am\u00e9lioration du cadre de vie des zones d\u2019ombre de la wilaya d\u2019Oran\u201d, indique encore notre interlocuteur.<\/p>\n<p>D\u2019autre part, le transport public et l\u2019\u00e9clairage public sont insuffisants. \u201cSouvent, les enfants scolaris\u00e9s traversent deux kilom\u00e8tres \u00e0 pied pour se rendre \u00e0 l\u2019\u00e9cole, au coll\u00e8ge et au lyc\u00e9e de Tafraoui\u201d, rage Belkacem, qui \u00e9voque aussi l\u2019oisivet\u00e9 et le ch\u00f4mage qui constituent le lot d\u2019une jeunesse d\u00e9sorient\u00e9e qui, \u00e9galement priv\u00e9e d\u2019espaces de d\u00e9tente et de divertissement et m\u00eame d\u2019un stade de football, ne sait plus \u00e0 quel saint se vouer.<\/p>\n<p>D\u2019autre part, l\u2019oued de Gra\u00efdia est devenu une menace en p\u00e9riode d\u2019hiver, d\u2019o\u00f9 la n\u00e9cessit\u00e9 d\u2019une prise en charge des travaux d\u2019\u00e9largissement afin d\u2019\u00e9viter l\u2019irr\u00e9parable.\u00a0\u00a0<\/p>\n<p class=\"c6\"><strong>NOUREDDINE BENABBOU<\/strong><\/p>\n<\/div>\n<p>Auteur:<br \/>\n<a href=\"https:\/\/www.liberte-algerie.com\/ouest\/les-habitants-vivent-le-calvaire-355584\">Cliquez ici pour lire l&rsquo;article depuis sa source.<\/a><\/p>\n","protected":false},"excerpt":{"rendered":"<p>Zone d\u2019ombre par excellence, Gra\u00efdia, village rattach\u00e9 \u00e0 la commune de Tafraoui, situ\u00e9 \u00e0 une trentaine de kilom\u00e8tres au sud-est d\u2019Oran, n\u00e9cessite une mise \u00e0 niveau des infrastructures d\u2019accompagnement du service public. En raison de l\u2019absence des commodit\u00e9s les plus \u00e9l\u00e9mentaires, ses habitants vivent le calvaire.\u00a0 \u201cNi annexe administrative, ni \u00e9cole, ni salle de soins, [&hellip;]<\/p>\n","protected":false},"author":1742,"featured_media":0,"comment_status":"closed","ping_status":"closed","sticky":false,"template":"","format":"standard","meta":{"fifu_image_url":"","fifu_image_alt":"","footnotes":""},"categories":[73,53],"tags":[],"class_list":["post-113118","post","type-post","status-publish","format-standard","hentry","category-actualite","category-algerie"],"_links":{"self":[{"href":"https:\/\/linitiative.ca\/International\/wp-json\/wp\/v2\/posts\/113118","targetHints":{"allow":["GET"]}}],"collection":[{"href":"https:\/\/linitiative.ca\/International\/wp-json\/wp\/v2\/posts"}],"about":[{"href":"https:\/\/linitiative.ca\/International\/wp-json\/wp\/v2\/types\/post"}],"author":[{"embeddable":true,"href":"https:\/\/linitiative.ca\/International\/wp-json\/wp\/v2\/users\/1742"}],"replies":[{"embeddable":true,"href":"https:\/\/linitiative.ca\/International\/wp-json\/wp\/v2\/comments?post=113118"}],"version-history":[{"count":0,"href":"https:\/\/linitiative.ca\/International\/wp-json\/wp\/v2\/posts\/113118\/revisions"}],"wp:attachment":[{"href":"https:\/\/linitiative.ca\/International\/wp-json\/wp\/v2\/media?parent=113118"}],"wp:term":[{"taxonomy":"category","embeddable":true,"href":"https:\/\/linitiative.ca\/International\/wp-json\/wp\/v2\/categories?post=113118"},{"taxonomy":"post_tag","embeddable":true,"href":"https:\/\/linitiative.ca\/International\/wp-json\/wp\/v2\/tags?post=113118"}],"curies":[{"name":"wp","href":"https:\/\/api.w.org\/{rel}","templated":true}]}}