{"id":113119,"date":"2021-03-15T07:40:00","date_gmt":"2021-03-15T11:40:00","guid":{"rendered":"https:\/\/linitiative.ca\/International\/le-pt-decide-de-boycotter-les-elections-legislatives\/"},"modified":"2021-03-15T07:40:00","modified_gmt":"2021-03-15T11:40:00","slug":"le-pt-decide-de-boycotter-les-elections-legislatives","status":"publish","type":"post","link":"https:\/\/linitiative.ca\/International\/le-pt-decide-de-boycotter-les-elections-legislatives\/","title":{"rendered":"Le PT d\u00e9cide de boycotter les \u00e9lections l\u00e9gislatives"},"content":{"rendered":"<div id=\"originalText\" readability=\"52\">\n<p>Le Parti des travailleurs\u00a0ne prendra part aux \u00e9lections l\u00e9gislatives qui se tiendront le 12\u00a0janvier 2021.\u00a0<\/p>\n<p>C&rsquo;est la secr\u00e9taire g\u00e9n\u00e9rale du parti, Louisa Hanoune, qui l&rsquo;a annonc\u00e9, ce matin, lors d&rsquo;une conf\u00e9rence de presse, \u00e0 l&rsquo;issue de la r\u00e9union du comit\u00e9 centrale du PT, qui s&rsquo;est tenue entre le\u00a013 et\u00a0 le 14 mars, \u00e0 Alger.\u00a0<\/p>\n<p>\u00ab\u00a0Les prochaines l\u00e9gislatives ne constitueront pas l&rsquo;amorce du d\u00e9mant\u00e8lement du syst\u00e8me obsol\u00e8te h\u00e9rit\u00e9 du model du parti unique et contre lequel la majorit\u00e9 du peuple s&rsquo;est r\u00e9volt\u00e9e et soulev\u00e9e. Bien au contraire, ces \u00e9lections font partie d&rsquo;un processus \u00e9lectoral qui a \u00e9t\u00e9 impos\u00e9 au lendemain de la d\u00e9mission d&rsquo;Abdelaziz Bouteflika,\u00a0 pour sauver le syst\u00e8me et imposer son maintien&#8230;\u00a0\u00bb, a rapport\u00e9 Mme Hanoune la r\u00e9ponse du comit\u00e9 central aux interrogations soulev\u00e9e dans son rapport introductif aux travaux de la session du CC.\u00a0<\/p>\n<p class=\"c6\"><strong>R\u00e9daction Web\u00a0<\/strong><\/p>\n<\/div>\n<div id=\"text_core\" readability=\"52\">\n<p>Le Parti des travailleurs\u00a0ne prendra part aux \u00e9lections l\u00e9gislatives qui se tiendront le 12\u00a0janvier 2021.\u00a0<\/p>\n<p>C&rsquo;est la secr\u00e9taire g\u00e9n\u00e9rale du parti, Louisa Hanoune, qui l&rsquo;a annonc\u00e9, ce matin, lors d&rsquo;une conf\u00e9rence de presse, \u00e0 l&rsquo;issue de la r\u00e9union du comit\u00e9 centrale du PT, qui s&rsquo;est tenue entre le\u00a013 et\u00a0 le 14 mars, \u00e0 Alger.\u00a0<\/p>\n<p>\u00ab\u00a0Les prochaines l\u00e9gislatives ne constitueront pas l&rsquo;amorce du d\u00e9mant\u00e8lement du syst\u00e8me obsol\u00e8te h\u00e9rit\u00e9 du model du parti unique et contre lequel la majorit\u00e9 du peuple s&rsquo;est r\u00e9volt\u00e9e et soulev\u00e9e. Bien au contraire, ces \u00e9lections font partie d&rsquo;un processus \u00e9lectoral qui a \u00e9t\u00e9 impos\u00e9 au lendemain de la d\u00e9mission d&rsquo;Abdelaziz Bouteflika,\u00a0 pour sauver le syst\u00e8me et imposer son maintien&#8230;\u00a0\u00bb, a rapport\u00e9 Mme Hanoune la r\u00e9ponse du comit\u00e9 central aux interrogations soulev\u00e9e dans son rapport introductif aux travaux de la session du CC.\u00a0<\/p>\n<p class=\"c6\"><strong>R\u00e9daction Web\u00a0<\/strong><\/p>\n<\/div>\n<p>Auteur:<br \/>\n<a href=\"https:\/\/www.liberte-algerie.com\/actualite\/le-pt-decide-de-boycotter-les-elections-legislatives-355593\">Cliquez ici pour lire l&rsquo;article depuis sa source.<\/a><\/p>\n","protected":false},"excerpt":{"rendered":"<p>Le Parti des travailleurs\u00a0ne prendra part aux \u00e9lections l\u00e9gislatives qui se tiendront le 12\u00a0janvier 2021.\u00a0 C&rsquo;est la secr\u00e9taire g\u00e9n\u00e9rale du parti, Louisa Hanoune, qui l&rsquo;a annonc\u00e9, ce matin, lors d&rsquo;une conf\u00e9rence de presse, \u00e0 l&rsquo;issue de la r\u00e9union du comit\u00e9 centrale du PT, qui s&rsquo;est tenue entre le\u00a013 et\u00a0 le 14 mars, \u00e0 Alger.\u00a0 \u00ab\u00a0Les [&hellip;]<\/p>\n","protected":false},"author":1742,"featured_media":0,"comment_status":"closed","ping_status":"closed","sticky":false,"template":"","format":"standard","meta":{"fifu_image_url":"","fifu_image_alt":"","footnotes":""},"categories":[73,53],"tags":[],"class_list":["post-113119","post","type-post","status-publish","format-standard","hentry","category-actualite","category-algerie"],"_links":{"self":[{"href":"https:\/\/linitiative.ca\/International\/wp-json\/wp\/v2\/posts\/113119","targetHints":{"allow":["GET"]}}],"collection":[{"href":"https:\/\/linitiative.ca\/International\/wp-json\/wp\/v2\/posts"}],"about":[{"href":"https:\/\/linitiative.ca\/International\/wp-json\/wp\/v2\/types\/post"}],"author":[{"embeddable":true,"href":"https:\/\/linitiative.ca\/International\/wp-json\/wp\/v2\/users\/1742"}],"replies":[{"embeddable":true,"href":"https:\/\/linitiative.ca\/International\/wp-json\/wp\/v2\/comments?post=113119"}],"version-history":[{"count":0,"href":"https:\/\/linitiative.ca\/International\/wp-json\/wp\/v2\/posts\/113119\/revisions"}],"wp:attachment":[{"href":"https:\/\/linitiative.ca\/International\/wp-json\/wp\/v2\/media?parent=113119"}],"wp:term":[{"taxonomy":"category","embeddable":true,"href":"https:\/\/linitiative.ca\/International\/wp-json\/wp\/v2\/categories?post=113119"},{"taxonomy":"post_tag","embeddable":true,"href":"https:\/\/linitiative.ca\/International\/wp-json\/wp\/v2\/tags?post=113119"}],"curies":[{"name":"wp","href":"https:\/\/api.w.org\/{rel}","templated":true}]}}