{"id":113120,"date":"2021-03-15T06:22:58","date_gmt":"2021-03-15T10:22:58","guid":{"rendered":"https:\/\/linitiative.ca\/International\/le-maroc-a-gere-avec-succes-la-reponse-a-la-crise-du-covid-19\/"},"modified":"2021-03-15T06:22:58","modified_gmt":"2021-03-15T10:22:58","slug":"le-maroc-a-gere-avec-succes-la-reponse-a-la-crise-du-covid-19","status":"publish","type":"post","link":"https:\/\/linitiative.ca\/International\/le-maroc-a-gere-avec-succes-la-reponse-a-la-crise-du-covid-19\/","title":{"rendered":"Le Maroc a g\u00e9r\u00e9 avec \u00ab\u00a0succ\u00e8s\u00a0\u00bb la r\u00e9ponse \u00e0 la crise du Covid-19"},"content":{"rendered":"<div readability=\"41\">\n<p>Le Maroc a g\u00e9r\u00e9 avec \u00ab\u00a0succ\u00e8s\u00a0\u00bb la r\u00e9ponse au coronavirus en optant, d\u00e8s l\u2019apparition du premier cas, pour l&rsquo;\u00a0\u00bbanticipation\u00a0\u00bb, notamment par l\u2019application stricte du confinement, l\u2019acquisition rapide de masques et de respirateurs, et l\u2019engagement pr\u00e9coce dans la vaccination, souligne l\u2019agence de presse espagnole \u00ab\u00a0Efe\u00a0\u00bb.<\/p>\n<\/div>\n<div readability=\"81\">\n<p>Dans un premier temps, le gouvernement a agi rapidement pour prot\u00e9ger son syst\u00e8me de sant\u00e9 de l\u2019effondrement et, apr\u00e8s avoir atteint cet objectif, il s\u2019est attach\u00e9 \u00e0 garantir l\u2019immunit\u00e9 collective par la vaccination, rel\u00e8ve \u00ab\u00a0Efe\u00a0\u00bb dans un article publi\u00e9 samedi sous le titre \u00ab\u00a0Succ\u00e8s marocain : vaccinations multiples, masques bon march\u00e9 et fermeture des fronti\u00e8res\u00a0\u00bb.<\/p>\n<p>Pour \u00e9viter que la pand\u00e9mie ne devienne incontr\u00f4lable, le Maroc a d\u00e9cr\u00e9t\u00e9 un \u00ab\u00a0\u00e9tat d\u2019urgence sanitaire\u00a0\u00bb le 22 mars dernier, rappelle la m\u00eame source, ajoutant qu\u2019en parall\u00e8le, le gouvernement marocain a entam\u00e9, depuis avril 2020, des n\u00e9gociations simultan\u00e9es avec plusieurs fabricants de vaccins pour assurer son approvisionnement dans un march\u00e9 international souffrant d\u2019une grave p\u00e9nurie de production.<\/p>\n<p>\u00ab\u00a0Cet effort a permis de r\u00e9duire le nombre de d\u00e9c\u00e8s par jour, qui est pass\u00e9 d\u2019un record de 92 le 20 novembre \u00e0 seulement 4 au cours des derni\u00e8res 24 heures \u2013 le taux de l\u00e9talit\u00e9 est d\u00e9sormais de 1,8\/100 \u2013 tandis que l\u2019occupation des lits de r\u00e9animation d\u00e9di\u00e9s au Covid-19 est pass\u00e9e de 39% \u00e0 13%\u00a0\u00bb, fait observer \u00ab\u00a0Efe\u00a0\u00bb.<\/p>\n<p>De m\u00eame, la transmission quotidienne a \u00e9galement diminu\u00e9, passant d\u2019un pic de 6.195 cas le 12 novembre \u00e0 431 cas au cours des derni\u00e8res 24 heures, poursuit l\u2019agence de presse espagnole.<\/p>\n<p>Apr\u00e8s avoir mis l\u2019accent sur les mesures prises par le Maroc pour freiner la propagation du virus, notamment le port obligatoire des masques, l\u2019augmentation de la cadence de leur production \u00e0 8 millions d\u2019unit\u00e9s par jour et leur mise en vente \u00e0 des prix bas, \u00ab Efe \u00bb fait noter que le Maroc a assur\u00e9 \u00e9galement l\u2019\u00e9quipement de ses centres de sant\u00e9 par des respirateurs et des lits de r\u00e9animation.<\/p>\n<p>Apr\u00e8s le succ\u00e8s de ces \u00e9tapes, le Maroc a entam\u00e9 sa campagne de vaccination le 29 janvier dernier. Le Royaume a d\u00e9j\u00e0 vaccin\u00e9 plus de 4 millions de personnes et vient d\u2019ajouter le vaccin russe Sputnik V \u00e0 ceux d\u2019AstraZeneca et de Sinopharm, \u00e9crit l\u2019agence de presse espagnole, ajoutant que le Royaume a annonc\u00e9 \u00e9galement l\u2019acquisition du vaccin am\u00e9ricain Johnson&amp;Johnson approuv\u00e9 par l\u2019OMS.<\/p>\n<\/div>\n<p>Auteur: Meriem IGASS<br \/>\n<a href=\"http:\/\/www.mapmarrakech.ma\/fr\/le-maroc-a-gere-avec-succes-la-reponse-a-la-crise-du-covid-19\/\">Cliquez ici pour lire l&rsquo;article depuis sa source.<\/a><\/p>\n","protected":false},"excerpt":{"rendered":"<p>Le Maroc a g\u00e9r\u00e9 avec \u00ab\u00a0succ\u00e8s\u00a0\u00bb la r\u00e9ponse au coronavirus en optant, d\u00e8s l\u2019apparition du premier cas, pour l&rsquo;\u00a0\u00bbanticipation\u00a0\u00bb, notamment par l\u2019application stricte du confinement, l\u2019acquisition rapide de masques et de respirateurs, et l\u2019engagement pr\u00e9coce dans la vaccination, souligne l\u2019agence de presse espagnole \u00ab\u00a0Efe\u00a0\u00bb. Dans un premier temps, le gouvernement a agi rapidement pour prot\u00e9ger [&hellip;]<\/p>\n","protected":false},"author":1788,"featured_media":0,"comment_status":"closed","ping_status":"closed","sticky":false,"template":"","format":"standard","meta":{"fifu_image_url":"","fifu_image_alt":"","footnotes":""},"categories":[54,76],"tags":[],"class_list":["post-113120","post","type-post","status-publish","format-standard","hentry","category-maroc","category-regions"],"_links":{"self":[{"href":"https:\/\/linitiative.ca\/International\/wp-json\/wp\/v2\/posts\/113120","targetHints":{"allow":["GET"]}}],"collection":[{"href":"https:\/\/linitiative.ca\/International\/wp-json\/wp\/v2\/posts"}],"about":[{"href":"https:\/\/linitiative.ca\/International\/wp-json\/wp\/v2\/types\/post"}],"author":[{"embeddable":true,"href":"https:\/\/linitiative.ca\/International\/wp-json\/wp\/v2\/users\/1788"}],"replies":[{"embeddable":true,"href":"https:\/\/linitiative.ca\/International\/wp-json\/wp\/v2\/comments?post=113120"}],"version-history":[{"count":0,"href":"https:\/\/linitiative.ca\/International\/wp-json\/wp\/v2\/posts\/113120\/revisions"}],"wp:attachment":[{"href":"https:\/\/linitiative.ca\/International\/wp-json\/wp\/v2\/media?parent=113120"}],"wp:term":[{"taxonomy":"category","embeddable":true,"href":"https:\/\/linitiative.ca\/International\/wp-json\/wp\/v2\/categories?post=113120"},{"taxonomy":"post_tag","embeddable":true,"href":"https:\/\/linitiative.ca\/International\/wp-json\/wp\/v2\/tags?post=113120"}],"curies":[{"name":"wp","href":"https:\/\/api.w.org\/{rel}","templated":true}]}}