{"id":113121,"date":"2021-03-15T07:54:04","date_gmt":"2021-03-15T11:54:04","guid":{"rendered":"https:\/\/linitiative.ca\/International\/lancement-dun-programme-au-profit-des-jeunes-porteurs-de-projets\/"},"modified":"2021-03-15T07:54:04","modified_gmt":"2021-03-15T11:54:04","slug":"lancement-dun-programme-au-profit-des-jeunes-porteurs-de-projets","status":"publish","type":"post","link":"https:\/\/linitiative.ca\/International\/lancement-dun-programme-au-profit-des-jeunes-porteurs-de-projets\/","title":{"rendered":"Lancement d\u2019un programme au profit des jeunes porteurs de projets"},"content":{"rendered":"<div readability=\"36\">\n<p>Benguerir (province de Rehamna) \u2013 La ville de Benguerir a abrit\u00e9 r\u00e9cemment, la c\u00e9r\u00e9monie de lancement d\u2019un programme baptis\u00e9 \u00ab\u00a0L\u2019Village\u00a0\u00bb (le village), au profit des jeunes porteurs de projets issus du milieu rural de la r\u00e9gion Marrakech-Safi.<\/p>\n<\/div>\n<div readability=\"107\">\n<p>Con\u00e7u par \u00ab\u00a0Concept Mena Group\u00a0\u00bb, en partenariat avec le Centre r\u00e9gional d\u2019investissement (CRI) de Marrakech-Safi et l\u2019universit\u00e9 Mohammed VI Polytechnique de Benguerir (UM6P), \u00e0 travers son P-Curiosity Lab, un laboratoire d\u00e9di\u00e9 \u00e0 l\u2019innovation technologique, ce programme diffus\u00e9 sur le web, vise \u00e0 accompagner des porteurs de projets du monde rural issus de la r\u00e9gion Marrakech-Safi.<\/p>\n<p>Quelque 20 candidats issus de la r\u00e9gion Marrakech-Safi ont \u00e9t\u00e9 s\u00e9lectionn\u00e9s sur pr\u00e8s de 5.000 projets propos\u00e9s, sur la base de vid\u00e9os qu\u2019ils ont enregistr\u00e9es eux-m\u00eames pour pr\u00e9senter leurs projets.<\/p>\n<p>Ces b\u00e9n\u00e9ficiaires auront droit \u00e0 un accompagnement personnalis\u00e9 pour monter leurs projets ainsi qu\u2019\u00e0 des formations de quatre semaines, soit une semaine pour chaque groupe de 05 porteurs de projets, sous l\u2019encadrement d\u2019une pl\u00e9iade d\u2019experts et enseignants universitaires.<\/p>\n<p>Les formations porteront notamment, sur l\u2019utilisation des outils digitaux et des r\u00e9seaux sociaux pour valoriser leurs produits, ainsi que sur certains aspects juridiques cl\u00e9s et les diff\u00e9rents modes de financement dont ils peuvent b\u00e9n\u00e9ficier.<\/p>\n<p>Les candidats ont \u00e9t\u00e9 s\u00e9lectionn\u00e9s par un jury compos\u00e9 de Mme Lamia Hassani, directrice du laboratoire \u00ab\u00a0p-curiosity\u00a0\u00bb, la Directrice g\u00e9n\u00e9rale de l\u2019Institut des Hautes Etudes de Management et de Gestion (HEM), Mme Yasmine Benamour, le pr\u00e9sident du Conseil r\u00e9gional de tourisme (CRT) de Marrakech-Safi, Hamid Bentaher, la directrice g\u00e9n\u00e9rale de Moroccan Foundation for advanced science, innovation and research (MASciR), Mme Nawal Chraibi et le vice-pr\u00e9sident de la CGEM-Marrakech, Taoufiq Aboudia.<\/p>\n<p>\u00ab\u00a0Premier du genre au niveau national, ce programme ambitionne d\u2019aller vers cette population rurale et\u00a0permettre \u00e0 ces jeunes issus du milieu rural de concr\u00e9tiser leurs r\u00eaves\u00a0\u00bb, a soulign\u00e9 la directrice g\u00e9n\u00e9rale de Concept Mena Group, Mme Siham Elfaydi, relevant que cette initiative s\u2019inscrit dans le cadre des efforts nationaux visant le d\u00e9senclavement du monde rural.<\/p>\n<p>Le programme est diffus\u00e9 chaque jour sur les r\u00e9seaux sociaux, ainsi que sur Youtube. Une plateforme baptis\u00e9e \u00ab\u00a0L\u2019Village\u00a0\u00bb a \u00e9galement \u00e9t\u00e9 cr\u00e9\u00e9e.<\/p>\n<p>Ces supports diffuseront quotidiennement une capsule de deux minutes, l\u2019objectif \u00e9tant de suivre les candidats au quotidien dans leurs projets et, une fois par semaine, une prime de 13 minutes.<\/p>\n<p>Le directeur du CRI Marrakech-Safi, Yassine Mseffer, a tenu \u00e0 rappeler de son c\u00f4t\u00e9, que 56% de la population de cette r\u00e9gion vivent en milieu rural, soit quelque 2.670.000 d\u2019habitants, dont une grande majorit\u00e9 de jeunes en qu\u00eate de travail et d\u2019une vie meilleure.<\/p>\n<p>Le programme L\u2019Village porte son int\u00e9r\u00eat au monde rural, ce qui permettra la cr\u00e9ation de postes d\u2019emplois dans les villages et centres ruraux de la r\u00e9gion, a-t-il ajout\u00e9, relevant que le CRI et le P-Curiosity Lab \u0153uvreront \u00e0 accompagner ce programme par des \u00e9quipes expertes en la mati\u00e8re.<\/p>\n<\/div>\n<p>Auteur: Meriem IGASS<br \/>\n<a href=\"http:\/\/www.mapmarrakech.ma\/fr\/lancement-dun-programme-au-profit-des-jeunes-porteurs-de-projets-issus-du-milieu-rural\/\">Cliquez ici pour lire l&rsquo;article depuis sa source.<\/a><\/p>\n","protected":false},"excerpt":{"rendered":"<p>Benguerir (province de Rehamna) \u2013 La ville de Benguerir a abrit\u00e9 r\u00e9cemment, la c\u00e9r\u00e9monie de lancement d\u2019un programme baptis\u00e9 \u00ab\u00a0L\u2019Village\u00a0\u00bb (le village), au profit des jeunes porteurs de projets issus du milieu rural de la r\u00e9gion Marrakech-Safi. Con\u00e7u par \u00ab\u00a0Concept Mena Group\u00a0\u00bb, en partenariat avec le Centre r\u00e9gional d\u2019investissement (CRI) de Marrakech-Safi et l\u2019universit\u00e9 Mohammed [&hellip;]<\/p>\n","protected":false},"author":1788,"featured_media":0,"comment_status":"closed","ping_status":"closed","sticky":false,"template":"","format":"standard","meta":{"fifu_image_url":"","fifu_image_alt":"","footnotes":""},"categories":[54,76],"tags":[],"class_list":["post-113121","post","type-post","status-publish","format-standard","hentry","category-maroc","category-regions"],"_links":{"self":[{"href":"https:\/\/linitiative.ca\/International\/wp-json\/wp\/v2\/posts\/113121","targetHints":{"allow":["GET"]}}],"collection":[{"href":"https:\/\/linitiative.ca\/International\/wp-json\/wp\/v2\/posts"}],"about":[{"href":"https:\/\/linitiative.ca\/International\/wp-json\/wp\/v2\/types\/post"}],"author":[{"embeddable":true,"href":"https:\/\/linitiative.ca\/International\/wp-json\/wp\/v2\/users\/1788"}],"replies":[{"embeddable":true,"href":"https:\/\/linitiative.ca\/International\/wp-json\/wp\/v2\/comments?post=113121"}],"version-history":[{"count":0,"href":"https:\/\/linitiative.ca\/International\/wp-json\/wp\/v2\/posts\/113121\/revisions"}],"wp:attachment":[{"href":"https:\/\/linitiative.ca\/International\/wp-json\/wp\/v2\/media?parent=113121"}],"wp:term":[{"taxonomy":"category","embeddable":true,"href":"https:\/\/linitiative.ca\/International\/wp-json\/wp\/v2\/categories?post=113121"},{"taxonomy":"post_tag","embeddable":true,"href":"https:\/\/linitiative.ca\/International\/wp-json\/wp\/v2\/tags?post=113121"}],"curies":[{"name":"wp","href":"https:\/\/api.w.org\/{rel}","templated":true}]}}