{"id":113122,"date":"2021-03-15T10:52:41","date_gmt":"2021-03-15T14:52:41","guid":{"rendered":"https:\/\/linitiative.ca\/International\/signature-de-conventions-relatives-au-programme-national-de-constitution-de-cooperatives-agricoles\/"},"modified":"2021-03-15T10:52:41","modified_gmt":"2021-03-15T14:52:41","slug":"signature-de-conventions-relatives-au-programme-national-de-constitution-de-cooperatives-agricoles","status":"publish","type":"post","link":"https:\/\/linitiative.ca\/International\/signature-de-conventions-relatives-au-programme-national-de-constitution-de-cooperatives-agricoles\/","title":{"rendered":"Signature de conventions relatives au Programme national de constitution de coop\u00e9ratives agricoles"},"content":{"rendered":"<p class=\"c4\">Deux conventions relatives au Programme national de constitution de coop\u00e9ratives agricoles nouvelle g\u00e9n\u00e9ration ont \u00e9t\u00e9 sign\u00e9es lundi \u00e0 Rabat.<\/p>\n<p class=\"c4\">Il s\u2019agit d\u2019une convention cadre relative au Programme national de constitution de coop\u00e9ratives agricoles nouvelle g\u00e9n\u00e9ration paraph\u00e9e par le ministre de l\u2019Agriculture, de la p\u00eache maritime, du d\u00e9veloppement rural et des eaux et for\u00eats, Aziz Akhannouch, et la ministre du Tourisme, de l\u2019artisanat du transport a\u00e9rien, et de l\u2019\u00e9conomie sociale, Nadia Fettah Alaoui.<\/p>\n<p class=\"c4\">La convention porte sur la mise en place et l\u2019ex\u00e9cution d\u2019un programme national visant \u00e0 acc\u00e9l\u00e9rer la cr\u00e9ation et le d\u00e9veloppement de coop\u00e9ratives agricoles nouvelle g\u00e9n\u00e9ration pour accompagner l\u2019impl\u00e9mentation de la nouvelle strat\u00e9gie agricole \u00ab\u00a0G\u00e9n\u00e9ration Green 2020-2030\u00a0\u00bb.<\/p>\n<p class=\"c4\">S\u2019exprimant \u00e0 cette occasion, M. Akhannouch a relev\u00e9 que le minist\u00e8re a \u0153uvr\u00e9 dans le cadre du Plan Maroc Vert \u00e0 fournir les capacit\u00e9s mat\u00e9rielles et d\u2019encadrement aux organisations professionnelles, le cas des associations, des coop\u00e9ratives et des groupements d\u2019int\u00e9r\u00eat \u00e9conomique, pour la r\u00e9alisation de projets se rapportant notamment, aux fili\u00e8res de production.<\/p>\n<p class=\"c4\">Il a ainsi pr\u00e9cis\u00e9 que plus de 10.000 coop\u00e9ratives ont \u00e9t\u00e9 cr\u00e9\u00e9es pour la p\u00e9riode 2015-2020, d\u00e9passant l\u2019objectif initial du programme national de cr\u00e9ation de 10.000 coop\u00e9ratives agricoles, pour atteindre un cumul de 25.700 coop\u00e9ratives \u00e0 aujourd\u2019hui, ajoutant que son d\u00e9partement reste engag\u00e9 pour poursuivre et valoriser les acquis dans le cadre de la strat\u00e9gie \u00ab\u00a0G\u00e9n\u00e9ration Green\u00a0\u00bb lanc\u00e9e par SM le Roi Mohammed VI le 14 f\u00e9vrier 2020, qui donne la priorit\u00e9 au d\u00e9veloppement humain, avec la poursuite de la dynamique de d\u00e9veloppement agricole.<\/p>\n<p class=\"c4\">Pour sa part, Mme Fettah Alaoui a fait savoir que cette convention s\u2019inscrit dans la continuit\u00e9 de la dynamique de cr\u00e9ation et de structuration des coop\u00e9ratives agricoles, soulignant que les deux minist\u00e8res ont renouvel\u00e9 les accords se rapportant au programme national de constitution de coop\u00e9ratives agricoles nouvelle g\u00e9n\u00e9ration pour la p\u00e9riode 2020-2030.<\/p>\n<p class=\"c4\">Il s\u2019agit d\u2019une nouvelle g\u00e9n\u00e9ration de partenariat efficace et innovant, visant \u00e0 faire de la coop\u00e9rative agricole une entreprise capable de faire face \u00e0 la concurrence et aux d\u00e9fis du march\u00e9, lui permettant de jouer pleinement son r\u00f4le en mati\u00e8re de cr\u00e9ation de richesse et d\u2019emplois, a-t-elle soutenu.<\/p>\n<p class=\"c4\">Par la suite, une convention sp\u00e9cifique a \u00e9t\u00e9 sign\u00e9e entre le directeur g\u00e9n\u00e9ral de l\u2019Office National du Conseil Agricole (ONCA), Jaouad Bahaji, et le directeur de l\u2019Office de D\u00e9veloppement de la Coop\u00e9ration (ODCO), Youssef Hosni, pour la mise en place et l\u2019ex\u00e9cution du programme national de constitution de 18.000 coop\u00e9ratives agricoles entrepreneuriales nouvelle g\u00e9n\u00e9ration, \u00e0 travers la mobilisation d\u2019environ 1.100 conseillers agricoles publics et priv\u00e9s \u00e0 l\u2019horizon 2030.<\/p>\n<p class=\"c4\">Ladite convention a pour objectif la d\u00e9finition et la mise en \u0153uvre de plans d\u2019action conjoints pour faire passer ces coop\u00e9ratives du mod\u00e8le classique vers un mod\u00e8le dit \u00ab\u00a0Business\u00a0\u00bb pour les transformer en vraies entreprises productives, autonomes et performantes.<\/p>\n<p class=\"c4\">Il est pr\u00e9vu au titre de ces conventions de fournir l\u2019accompagnement n\u00e9cessaire pour le montage des dossiers de cr\u00e9ation des coop\u00e9ratives, pour la structuration des coop\u00e9ratives dans des unions de coop\u00e9ratives, et pour le renforcement des capacit\u00e9s de gestion et de bonne gouvernance.<\/p>\n<p class=\"c4\">La digitalisation des outils de conseil agricole d\u00e9velopp\u00e9s par l\u2019ONCA constitue un levier d\u2019innovation important dans l\u2019op\u00e9rationnalisation et l\u2019aboutissement de ce programme. Concr\u00e8tement, il est question de trois outils fondamentaux, \u00e0 savoir, la cartographie nationale digitale du conseil agricole, la plateforme virtuelle de communication et d\u2019appui conseil (ARDNA) et la plateforme digitale de conseil agricole.<\/p>\n<p class=\"c4\">Les coop\u00e9ratives agricoles nouvelle g\u00e9n\u00e9ration offrent l\u2019opportunit\u00e9 d\u2019une plus grande int\u00e9gration dans le march\u00e9 national, voire international, et encouragent des pratiques de production certifi\u00e9e et \u00e9cologique. Elles sont \u00e9galement un des cr\u00e9neaux privil\u00e9gi\u00e9s pour encourager le d\u00e9veloppement de l\u2019entreprenariat des jeunes ruraux.<\/p>\n<p>Auteur: Soufiane ELAHMAR<br \/>\n<a href=\"http:\/\/www.mapoujda.ma\/fr\/signature-de-conventions-relatives-au-programme-national-de-constitution-de-cooperatives-agricoles\/\">Cliquez ici pour lire l&rsquo;article depuis sa source.<\/a><\/p>\n","protected":false},"excerpt":{"rendered":"<p>Deux conventions relatives au Programme national de constitution de coop\u00e9ratives agricoles nouvelle g\u00e9n\u00e9ration ont \u00e9t\u00e9 sign\u00e9es lundi \u00e0 Rabat. Il s\u2019agit d\u2019une convention cadre relative au Programme national de constitution de coop\u00e9ratives agricoles nouvelle g\u00e9n\u00e9ration paraph\u00e9e par le ministre de l\u2019Agriculture, de la p\u00eache maritime, du d\u00e9veloppement rural et des eaux et for\u00eats, Aziz Akhannouch, [&hellip;]<\/p>\n","protected":false},"author":1788,"featured_media":0,"comment_status":"closed","ping_status":"closed","sticky":false,"template":"","format":"standard","meta":{"fifu_image_url":"","fifu_image_alt":"","footnotes":""},"categories":[54,76],"tags":[],"class_list":["post-113122","post","type-post","status-publish","format-standard","hentry","category-maroc","category-regions"],"_links":{"self":[{"href":"https:\/\/linitiative.ca\/International\/wp-json\/wp\/v2\/posts\/113122","targetHints":{"allow":["GET"]}}],"collection":[{"href":"https:\/\/linitiative.ca\/International\/wp-json\/wp\/v2\/posts"}],"about":[{"href":"https:\/\/linitiative.ca\/International\/wp-json\/wp\/v2\/types\/post"}],"author":[{"embeddable":true,"href":"https:\/\/linitiative.ca\/International\/wp-json\/wp\/v2\/users\/1788"}],"replies":[{"embeddable":true,"href":"https:\/\/linitiative.ca\/International\/wp-json\/wp\/v2\/comments?post=113122"}],"version-history":[{"count":0,"href":"https:\/\/linitiative.ca\/International\/wp-json\/wp\/v2\/posts\/113122\/revisions"}],"wp:attachment":[{"href":"https:\/\/linitiative.ca\/International\/wp-json\/wp\/v2\/media?parent=113122"}],"wp:term":[{"taxonomy":"category","embeddable":true,"href":"https:\/\/linitiative.ca\/International\/wp-json\/wp\/v2\/categories?post=113122"},{"taxonomy":"post_tag","embeddable":true,"href":"https:\/\/linitiative.ca\/International\/wp-json\/wp\/v2\/tags?post=113122"}],"curies":[{"name":"wp","href":"https:\/\/api.w.org\/{rel}","templated":true}]}}