{"id":113123,"date":"2021-03-15T11:07:12","date_gmt":"2021-03-15T15:07:12","guid":{"rendered":"https:\/\/linitiative.ca\/International\/oujda-legere-hausse-de-01-pc-de-lipc-en-janvier\/"},"modified":"2021-03-15T11:07:12","modified_gmt":"2021-03-15T15:07:12","slug":"oujda-legere-hausse-de-01-pc-de-lipc-en-janvier","status":"publish","type":"post","link":"https:\/\/linitiative.ca\/International\/oujda-legere-hausse-de-01-pc-de-lipc-en-janvier\/","title":{"rendered":"Oujda : L\u00e9g\u00e8re hausse de 0,1 pc de l\u2019IPC en janvier"},"content":{"rendered":"<p class=\"c4\">L\u2019indice des prix \u00e0 la consommation (IPC) dans la ville d\u2019Oujda a connu, au cours du mois de janvier 2021, une hausse l\u00e9g\u00e8re de 0,1% par rapport au mois pr\u00e9c\u00e9dent.<\/p>\n<p class=\"c4\">Selon une note de la Direction r\u00e9gionale du Haut-Commissariat au Plan (HCP) de l\u2019Oriental, cette variation est le r\u00e9sultat de la stagnation de l\u2019indice des produits alimentaires et de la hausse de 0,2% de l\u2019indice des produits non alimentaires.<\/p>\n<p class=\"c4\">Les hausses des produits alimentaires observ\u00e9es entre d\u00e9cembre 2020 et janvier 2021 concernent principalement les \u00abPoissons et fruits de mer\u00bb avec 2,6% et les \u00abL\u00e9gumes\u00bb avec 2,1%, pr\u00e9cise la note, ajoutant que les prix ont, en revanche, diminu\u00e9 de 3,5% pour les \u00abFruits\u00bb et de 1,4% pour les \u00abviandes\u00bb.<\/p>\n<p class=\"c4\">Pour les produits non alimentaires, la hausse a concern\u00e9 principalement les prix du \u00abTransport a\u00e9rien des passagers\u00bb avec 3,0%, des \u00abCarburants et lubrifiants pour v\u00e9hicule de tourisme\u00bb avec 2,7%, \u00abTabac\u00bb avec 2,3%, tandis que les prix ont r\u00e9gress\u00e9 pour les \u00abServices d\u2019h\u00e9bergement\u00bb de 1,8%.<\/p>\n<p class=\"c4\">Compar\u00e9 au m\u00eame mois de l\u2019ann\u00e9e pr\u00e9c\u00e9dente, l\u2019IPC a enregistr\u00e9 une baisse de 0,5% au cours du mois de janvier 2021. Ceci est le r\u00e9sultat de la baisse de l\u2019indice des produits alimentaires de 1,0% et celui des produits non alimentaires de 0,2%.<\/p>\n<p class=\"c4\">Les variations enregistr\u00e9es pour les produits non alimentaires vont d\u2019une baisse de 0,9% pour l\u2019indice des \u00abArticles d\u2019habillements et chaussures\u00bb \u00e0 une hausse de 1,1% pour l\u2019indice des \u00abMeubles, articles de m\u00e9nages et entretien courant du foyer\u00bb.<\/p>\n<p class=\"c4\">L\u2019IPC mesure l\u2019\u00e9volution relative des prix de vente au d\u00e9tail des produits de consommation courante de la population urbaine dans le temps et dans l\u2019espace. Il sert essentiellement \u00e0 mesurer le niveau g\u00e9n\u00e9ral de l\u2019inflation, suivre et analyser la conjoncture \u00e9conomique et d\u00e9flater les agr\u00e9gats macro\u00e9conomiques de la comptabilit\u00e9 nationale.<\/p>\n<p class=\"c4\">Les prix des produits sont relev\u00e9s aupr\u00e8s d\u2019un \u00e9chantillon de points de vente au d\u00e9tail par le biais d\u2019une enqu\u00eate permanente dans 18 villes repr\u00e9sentant toutes les r\u00e9gions du Royaume, \u00e0 savoir Casablanca, Rabat, Tanger, Marrakech, Oujda, F\u00e8s, Agadir, Mekn\u00e8s, Beni Mellal, K\u00e9nitra, T\u00e9touan, Errachidia, Safi, La\u00e2youne, Guelmim, Settat, Dakhla et Al Hoceima.<\/p>\n<p>Auteur: Soufiane ELAHMAR<br \/>\n<a href=\"http:\/\/www.mapoujda.ma\/fr\/oujda-legere-hausse-de-01-pc-de-lipc-en-janvier\/\">Cliquez ici pour lire l&rsquo;article depuis sa source.<\/a><\/p>\n","protected":false},"excerpt":{"rendered":"<p>L\u2019indice des prix \u00e0 la consommation (IPC) dans la ville d\u2019Oujda a connu, au cours du mois de janvier 2021, une hausse l\u00e9g\u00e8re de 0,1% par rapport au mois pr\u00e9c\u00e9dent. Selon une note de la Direction r\u00e9gionale du Haut-Commissariat au Plan (HCP) de l\u2019Oriental, cette variation est le r\u00e9sultat de la stagnation de l\u2019indice des [&hellip;]<\/p>\n","protected":false},"author":1788,"featured_media":0,"comment_status":"closed","ping_status":"closed","sticky":false,"template":"","format":"standard","meta":{"fifu_image_url":"","fifu_image_alt":"","footnotes":""},"categories":[54,76],"tags":[],"class_list":["post-113123","post","type-post","status-publish","format-standard","hentry","category-maroc","category-regions"],"_links":{"self":[{"href":"https:\/\/linitiative.ca\/International\/wp-json\/wp\/v2\/posts\/113123","targetHints":{"allow":["GET"]}}],"collection":[{"href":"https:\/\/linitiative.ca\/International\/wp-json\/wp\/v2\/posts"}],"about":[{"href":"https:\/\/linitiative.ca\/International\/wp-json\/wp\/v2\/types\/post"}],"author":[{"embeddable":true,"href":"https:\/\/linitiative.ca\/International\/wp-json\/wp\/v2\/users\/1788"}],"replies":[{"embeddable":true,"href":"https:\/\/linitiative.ca\/International\/wp-json\/wp\/v2\/comments?post=113123"}],"version-history":[{"count":0,"href":"https:\/\/linitiative.ca\/International\/wp-json\/wp\/v2\/posts\/113123\/revisions"}],"wp:attachment":[{"href":"https:\/\/linitiative.ca\/International\/wp-json\/wp\/v2\/media?parent=113123"}],"wp:term":[{"taxonomy":"category","embeddable":true,"href":"https:\/\/linitiative.ca\/International\/wp-json\/wp\/v2\/categories?post=113123"},{"taxonomy":"post_tag","embeddable":true,"href":"https:\/\/linitiative.ca\/International\/wp-json\/wp\/v2\/tags?post=113123"}],"curies":[{"name":"wp","href":"https:\/\/api.w.org\/{rel}","templated":true}]}}