{"id":113128,"date":"2021-03-15T13:53:34","date_gmt":"2021-03-15T17:53:34","guid":{"rendered":"https:\/\/linitiative.ca\/International\/bp-lance-le-1er-barometre-pour-sonder-les-mre\/"},"modified":"2021-03-15T13:53:34","modified_gmt":"2021-03-15T17:53:34","slug":"bp-lance-le-1er-barometre-pour-sonder-les-mre","status":"publish","type":"post","link":"https:\/\/linitiative.ca\/International\/bp-lance-le-1er-barometre-pour-sonder-les-mre\/","title":{"rendered":"BP lance le 1er barom\u00e8tre pour sonder les MRE"},"content":{"rendered":"<p class=\"rtejustify\">La Banque populaire (BP) entend mieux conna\u00eetre les tendances et les besoins des Marocains du monde. Elle vient de lancer, en partenariat avec l\u2019institut d\u2019\u00e9tudes IPSOS, le 1er barom\u00e8tre, d\u00e9di\u00e9 aux Marocains r\u00e9sidant \u00e0 l\u2019\u00e9tranger (MRE).<\/p>\n<p class=\"rtejustify\">Ce barom\u00e8tre permettra, \u00e0 travers des enqu\u00eates, de mieux conna\u00eetre ses tendances et ses besoins, qui seront partag\u00e9s avec le grand public et les MRE, indique le groupe bancaire. La Banque a d\u2019ailleurs r\u00e9alis\u00e9 une premi\u00e8re enqu\u00eate en 2020 sur 1.500 Marocains r\u00e9sidant dans 10 pays. Les r\u00e9sultats montrent que les MRE restent majoritairement tr\u00e8s attach\u00e9s \u00e0 leur pays d\u2019origine. En effet, 59% d\u2019entre eux d\u00e9clarent poss\u00e9der une propri\u00e9t\u00e9 au Maroc, alors qu\u2019ils s\u2019y rendent deux fois par an. Bon nombre de MRE comptent \u00e9galement s\u2019installer d\u00e9finitivement dans le Royaume.<\/p>\n<p class=\"rtejustify\">Concernant l\u2019investissement, pr\u00e8s de la moiti\u00e9 des sond\u00e9s (45%) entend lancer, \u00ab\u00a0dans le futur\u00a0\u00bb, un projet au Maroc.<\/p>\n<p class=\"rtejustify\">Selon les r\u00e9sultats de l\u2019\u00e9tude, les MRE ont \u00e9t\u00e9 mod\u00e9r\u00e9ment impact\u00e9s par la crise sanitaire, car seuls 20% d\u00e9clarent un impact fort sur leurs emplois, leurs revenus et, par cons\u00e9quent, sur leur stabilit\u00e9 financi\u00e8re. Toutefois, les Marocains bas\u00e9s en Espagne, en Italie et au Moyen-Orient semblent les plus touch\u00e9s. Une situation qui s\u2019expliquerait par le secteur dans lequel bon nombre d\u2019entre eux \u00e9voluent dans ces pays (restauration, h\u00f4tellerie&#8230;). Mais malgr\u00e9 l\u2019impact mod\u00e9r\u00e9 de la crise, les transferts MRE ont r\u00e9sist\u00e9 en 2020 contribuant au soutien de l\u2019\u00e9conomie nationale.<\/p>\n<p>Auteur: hgueye<br \/>\n<a href=\"https:\/\/www.leconomiste.com\/flash-infos\/bp-lance-le-1er-barometre-pour-sonder-les-mre\">Cliquez ici pour lire l&rsquo;article depuis sa source.<\/a><\/p>\n","protected":false},"excerpt":{"rendered":"<p>La Banque populaire (BP) entend mieux conna\u00eetre les tendances et les besoins des Marocains du monde. Elle vient de lancer, en partenariat avec l\u2019institut d\u2019\u00e9tudes IPSOS, le 1er barom\u00e8tre, d\u00e9di\u00e9 aux Marocains r\u00e9sidant \u00e0 l\u2019\u00e9tranger (MRE). Ce barom\u00e8tre permettra, \u00e0 travers des enqu\u00eates, de mieux conna\u00eetre ses tendances et ses besoins, qui seront partag\u00e9s avec [&hellip;]<\/p>\n","protected":false},"author":1763,"featured_media":0,"comment_status":"closed","ping_status":"closed","sticky":false,"template":"","format":"standard","meta":{"fifu_image_url":"","fifu_image_alt":"","footnotes":""},"categories":[78,54],"tags":[],"class_list":["post-113128","post","type-post","status-publish","format-standard","hentry","category-economie","category-maroc"],"_links":{"self":[{"href":"https:\/\/linitiative.ca\/International\/wp-json\/wp\/v2\/posts\/113128","targetHints":{"allow":["GET"]}}],"collection":[{"href":"https:\/\/linitiative.ca\/International\/wp-json\/wp\/v2\/posts"}],"about":[{"href":"https:\/\/linitiative.ca\/International\/wp-json\/wp\/v2\/types\/post"}],"author":[{"embeddable":true,"href":"https:\/\/linitiative.ca\/International\/wp-json\/wp\/v2\/users\/1763"}],"replies":[{"embeddable":true,"href":"https:\/\/linitiative.ca\/International\/wp-json\/wp\/v2\/comments?post=113128"}],"version-history":[{"count":0,"href":"https:\/\/linitiative.ca\/International\/wp-json\/wp\/v2\/posts\/113128\/revisions"}],"wp:attachment":[{"href":"https:\/\/linitiative.ca\/International\/wp-json\/wp\/v2\/media?parent=113128"}],"wp:term":[{"taxonomy":"category","embeddable":true,"href":"https:\/\/linitiative.ca\/International\/wp-json\/wp\/v2\/categories?post=113128"},{"taxonomy":"post_tag","embeddable":true,"href":"https:\/\/linitiative.ca\/International\/wp-json\/wp\/v2\/tags?post=113128"}],"curies":[{"name":"wp","href":"https:\/\/api.w.org\/{rel}","templated":true}]}}