{"id":113130,"date":"2021-03-15T15:14:29","date_gmt":"2021-03-15T19:14:29","guid":{"rendered":"https:\/\/linitiative.ca\/International\/international-real-les-craintes-se-confirment-pour-eden-hazard\/"},"modified":"2021-03-15T15:14:29","modified_gmt":"2021-03-15T19:14:29","slug":"international-real-les-craintes-se-confirment-pour-eden-hazard","status":"publish","type":"post","link":"https:\/\/linitiative.ca\/International\/international-real-les-craintes-se-confirment-pour-eden-hazard\/","title":{"rendered":"International : Real : les craintes se confirment pour Eden Hazard"},"content":{"rendered":"<div readability=\"32\">\n<p>Auteur : <span class=\"time\">lundi 15 mars 2021 14:01<\/span><\/p>\n<\/div>\n<div id=\"post_core\" readability=\"48\">\n<p>Comme expliqu\u00e9 ce lundi matin, l&rsquo;international belge \u00e9tait absent lors de l&rsquo;entra\u00eenement des Merengue. Et dans un communiqu\u00e9 officiel, la Maison Blanche a annonc\u00e9 la blessure de l&rsquo;ancien Lillois.<\/p>\n<p>\u00ab\u00a0Apr\u00e8s les examens r\u00e9alis\u00e9s aujourd&rsquo;hui sur notre joueur Eden Hazard par le staff m\u00e9dical du Real Madrid, il a \u00e9t\u00e9 diagnostiqu\u00e9 avec une l\u00e9sion musculaire au psoas droit. En attente d&rsquo;\u00e9volution\u00a0\u00bb, peut-on lire. Pour l&rsquo;instant, la dur\u00e9e de l&rsquo;indisponibilit\u00e9 d&rsquo;Hazard, forfait pour la r\u00e9ception de l&rsquo;Atalanta Bergame mardi lors du 8e de finale retour de la Ligue des Champions, n&rsquo;a pas \u00e9t\u00e9 pr\u00e9cis\u00e9e comme l&rsquo;indique Footmercato.<\/p>\n<p><strong>Publi\u00e9 dans :<\/strong> <span>real madrid<\/span><\/p>\n<\/div>\n<p>Auteur:<br \/>\n<a href=\"http:\/\/www.lebuteur.com\/article\/detail?titre=real-les-craintes-se-confirment-pour-eden-hazard&#038;id=99401&#038;utm_source=feedburner&#038;utm_medium=feed&#038;utm_campaign=Feed%3A+GalerieFArtciles+%28Les+derniers+articles++-+lebuteur.com%29\">Cliquez ici pour lire l&rsquo;article depuis sa source.<\/a><\/p>\n","protected":false},"excerpt":{"rendered":"<p>Auteur : lundi 15 mars 2021 14:01 Comme expliqu\u00e9 ce lundi matin, l&rsquo;international belge \u00e9tait absent lors de l&rsquo;entra\u00eenement des Merengue. Et dans un communiqu\u00e9 officiel, la Maison Blanche a annonc\u00e9 la blessure de l&rsquo;ancien Lillois. \u00ab\u00a0Apr\u00e8s les examens r\u00e9alis\u00e9s aujourd&rsquo;hui sur notre joueur Eden Hazard par le staff m\u00e9dical du Real Madrid, il a [&hellip;]<\/p>\n","protected":false},"author":1738,"featured_media":0,"comment_status":"closed","ping_status":"closed","sticky":false,"template":"","format":"standard","meta":{"fifu_image_url":"\/\/cdn.lebuteur.com\/data\/images\/article\/thumbs\/large-99401real-les-craintes-se-confirment-pour-eden-hazard-31b33.jpg","fifu_image_alt":"International : Real : les craintes se confirment pour Eden Hazard","footnotes":""},"categories":[53,75],"tags":[],"class_list":["post-113130","post","type-post","status-publish","format-standard","hentry","category-algerie","category-sport"],"_links":{"self":[{"href":"https:\/\/linitiative.ca\/International\/wp-json\/wp\/v2\/posts\/113130","targetHints":{"allow":["GET"]}}],"collection":[{"href":"https:\/\/linitiative.ca\/International\/wp-json\/wp\/v2\/posts"}],"about":[{"href":"https:\/\/linitiative.ca\/International\/wp-json\/wp\/v2\/types\/post"}],"author":[{"embeddable":true,"href":"https:\/\/linitiative.ca\/International\/wp-json\/wp\/v2\/users\/1738"}],"replies":[{"embeddable":true,"href":"https:\/\/linitiative.ca\/International\/wp-json\/wp\/v2\/comments?post=113130"}],"version-history":[{"count":0,"href":"https:\/\/linitiative.ca\/International\/wp-json\/wp\/v2\/posts\/113130\/revisions"}],"wp:attachment":[{"href":"https:\/\/linitiative.ca\/International\/wp-json\/wp\/v2\/media?parent=113130"}],"wp:term":[{"taxonomy":"category","embeddable":true,"href":"https:\/\/linitiative.ca\/International\/wp-json\/wp\/v2\/categories?post=113130"},{"taxonomy":"post_tag","embeddable":true,"href":"https:\/\/linitiative.ca\/International\/wp-json\/wp\/v2\/tags?post=113130"}],"curies":[{"name":"wp","href":"https:\/\/api.w.org\/{rel}","templated":true}]}}