{"id":113131,"date":"2021-03-15T15:14:31","date_gmt":"2021-03-15T19:14:31","guid":{"rendered":"https:\/\/linitiative.ca\/International\/international-liverpool-les-reds-vont-payer-14-millions-pour-diogo-jota-des-cet-ete\/"},"modified":"2021-03-15T15:14:31","modified_gmt":"2021-03-15T19:14:31","slug":"international-liverpool-les-reds-vont-payer-14-millions-pour-diogo-jota-des-cet-ete","status":"publish","type":"post","link":"https:\/\/linitiative.ca\/International\/international-liverpool-les-reds-vont-payer-14-millions-pour-diogo-jota-des-cet-ete\/","title":{"rendered":"International : Liverpool : Les Reds vont payer 14 millions pour Diogo Jota d\u00e8s cet \u00e9t\u00e9"},"content":{"rendered":"<div readability=\"32\">\n<p>Auteur : <span class=\"time\">lundi 15 mars 2021 16:00<\/span><\/p>\n<\/div>\n<div id=\"post_core\" readability=\"39\">\n<p>L\u2019attaquant portugais avait quitt\u00e9 Wolverhampton pour une somme d\u00e9passant les 45 millions d\u2019euros. Depuis son arriv\u00e9e en septembre dernier, les Reds n\u2019ont pay\u00e9 que 6 millions. Ils doivent verser d\u00e8s cet \u00e9t\u00e9 environ 14 millions.\u00a0Selon Footmercato et Telegraph, les Wolves recevront 14 millions d\u2019euros de Liverpool cet \u00e9t\u00e9 dans le cadre de l&rsquo;accord avec Diogo Jota. Les deux clubs avaient convenu d\u2019un deal qui assurait \u00e0 Wolverhampton de recevoir une part importante de la somme dans l&rsquo;ann\u00e9e. L&rsquo;accord a \u00e9t\u00e9 structur\u00e9 pour combattre l&rsquo;impact de la Covid sur les finances et comprendra des versements suppl\u00e9mentaires au fil des ans pour aider les Wolves avec leur budget et leur tr\u00e9sorerie.<\/p>\n<p><strong>Publi\u00e9 dans :<\/strong> <span>liverpool<\/span> <span>Diogo Jota<\/span><\/p>\n<\/div>\n<p>Auteur:<br \/>\n<a href=\"http:\/\/www.lebuteur.com\/article\/detail?titre=liverpool-les-reds-vont-payer-14-millions-pour-diogo-jota-des-cet-ete&#038;id=99400&#038;utm_source=feedburner&#038;utm_medium=feed&#038;utm_campaign=Feed%3A+GalerieFArtciles+%28Les+derniers+articles++-+lebuteur.com%29\">Cliquez ici pour lire l&rsquo;article depuis sa source.<\/a><\/p>\n","protected":false},"excerpt":{"rendered":"<p>Auteur : lundi 15 mars 2021 16:00 L\u2019attaquant portugais avait quitt\u00e9 Wolverhampton pour une somme d\u00e9passant les 45 millions d\u2019euros. Depuis son arriv\u00e9e en septembre dernier, les Reds n\u2019ont pay\u00e9 que 6 millions. Ils doivent verser d\u00e8s cet \u00e9t\u00e9 environ 14 millions.\u00a0Selon Footmercato et Telegraph, les Wolves recevront 14 millions d\u2019euros de Liverpool cet \u00e9t\u00e9 [&hellip;]<\/p>\n","protected":false},"author":1738,"featured_media":0,"comment_status":"closed","ping_status":"closed","sticky":false,"template":"","format":"standard","meta":{"fifu_image_url":"\/\/cdn.lebuteur.com\/data\/images\/article\/thumbs\/large-99400liverpool-les-reds-vont-payer-14-millions-pour-diogo-jota-des-cet-ete-ed043.jpg","fifu_image_alt":"International : Liverpool : Les Reds vont payer 14 millions pour Diogo Jota d\u00e8s cet \u00e9t\u00e9","footnotes":""},"categories":[53,75],"tags":[],"class_list":["post-113131","post","type-post","status-publish","format-standard","hentry","category-algerie","category-sport"],"_links":{"self":[{"href":"https:\/\/linitiative.ca\/International\/wp-json\/wp\/v2\/posts\/113131","targetHints":{"allow":["GET"]}}],"collection":[{"href":"https:\/\/linitiative.ca\/International\/wp-json\/wp\/v2\/posts"}],"about":[{"href":"https:\/\/linitiative.ca\/International\/wp-json\/wp\/v2\/types\/post"}],"author":[{"embeddable":true,"href":"https:\/\/linitiative.ca\/International\/wp-json\/wp\/v2\/users\/1738"}],"replies":[{"embeddable":true,"href":"https:\/\/linitiative.ca\/International\/wp-json\/wp\/v2\/comments?post=113131"}],"version-history":[{"count":0,"href":"https:\/\/linitiative.ca\/International\/wp-json\/wp\/v2\/posts\/113131\/revisions"}],"wp:attachment":[{"href":"https:\/\/linitiative.ca\/International\/wp-json\/wp\/v2\/media?parent=113131"}],"wp:term":[{"taxonomy":"category","embeddable":true,"href":"https:\/\/linitiative.ca\/International\/wp-json\/wp\/v2\/categories?post=113131"},{"taxonomy":"post_tag","embeddable":true,"href":"https:\/\/linitiative.ca\/International\/wp-json\/wp\/v2\/tags?post=113131"}],"curies":[{"name":"wp","href":"https:\/\/api.w.org\/{rel}","templated":true}]}}