{"id":113132,"date":"2021-03-15T15:14:34","date_gmt":"2021-03-15T19:14:34","guid":{"rendered":"https:\/\/linitiative.ca\/International\/international-interroge-sur-un-interet-du-real-madrid-pour-haaland-benzema-repond\/"},"modified":"2021-03-15T15:14:34","modified_gmt":"2021-03-15T19:14:34","slug":"international-interroge-sur-un-interet-du-real-madrid-pour-haaland-benzema-repond","status":"publish","type":"post","link":"https:\/\/linitiative.ca\/International\/international-interroge-sur-un-interet-du-real-madrid-pour-haaland-benzema-repond\/","title":{"rendered":"International : Interrog\u00e9 sur un int\u00e9r\u00eat du Real Madrid pour Haaland, Benzema r\u00e9pond"},"content":{"rendered":"<div readability=\"32\">\n<p>Auteur : <span class=\"time\">lundi 15 mars 2021 16:03<\/span><\/p>\n<\/div>\n<div id=\"post_core\" readability=\"47\">\n<p>Interrog\u00e9 sur cette rumeur, l\u2019attaquant merengue s\u2019est montr\u00e9 \u00e9logieux au sujet de son jeune homologue tout en rappelant qu\u2019il n\u2019est pas donn\u00e9 \u00e0 tout le monde de s\u2019imposer \u00e0 la Casa Blanca.<\/p>\n<p>\u00ab\u00a0Comment parler d\u2019un joueur qui n\u2019est pas l\u00e0 ? (&#8230;) Je suis l\u00e0 depuis tr\u00e8s longtemps, on parle souvent d\u2019attaquants ici, de joueurs qui peuvent marquer beaucoup. Ce que je peux dire c\u2019est que c&rsquo;est un jeune joueur qui met beaucoup de buts dans son \u00e9quipe. Il doit travailler plus dans son \u00e9quipe, si un jour il doit venir \u00e0 Madrid et que le club le veut, il nous rejoindra\u00a0\u00bb, a estim\u00e9 le Fran\u00e7ais ce lundi en conf\u00e9rence de presse et comme rapport\u00e9 par Maxifoot.<\/p>\n<p><strong>Publi\u00e9 dans :<\/strong> <span>real madrid<\/span><\/p>\n<\/div>\n<p>Auteur:<br \/>\n<a href=\"http:\/\/www.lebuteur.com\/article\/detail?titre=interroge-sur-un-interet-du-real-madrid-pour-haaland-benzema-repond&#038;id=99402&#038;utm_source=feedburner&#038;utm_medium=feed&#038;utm_campaign=Feed%3A+GalerieFArtciles+%28Les+derniers+articles++-+lebuteur.com%29\">Cliquez ici pour lire l&rsquo;article depuis sa source.<\/a><\/p>\n","protected":false},"excerpt":{"rendered":"<p>Auteur : lundi 15 mars 2021 16:03 Interrog\u00e9 sur cette rumeur, l\u2019attaquant merengue s\u2019est montr\u00e9 \u00e9logieux au sujet de son jeune homologue tout en rappelant qu\u2019il n\u2019est pas donn\u00e9 \u00e0 tout le monde de s\u2019imposer \u00e0 la Casa Blanca. \u00ab\u00a0Comment parler d\u2019un joueur qui n\u2019est pas l\u00e0 ? (&#8230;) Je suis l\u00e0 depuis tr\u00e8s longtemps, [&hellip;]<\/p>\n","protected":false},"author":1738,"featured_media":0,"comment_status":"closed","ping_status":"closed","sticky":false,"template":"","format":"standard","meta":{"fifu_image_url":"\/\/cdn.lebuteur.com\/data\/images\/article\/thumbs\/large-interroge-sur-un-interet-du-real-madrid-pour-haaland-benzema-repond-010ce.jpg","fifu_image_alt":"International : Interrog\u00e9 sur un int\u00e9r\u00eat du Real Madrid pour Haaland, Benzema r\u00e9pond","footnotes":""},"categories":[53,75],"tags":[],"class_list":["post-113132","post","type-post","status-publish","format-standard","hentry","category-algerie","category-sport"],"_links":{"self":[{"href":"https:\/\/linitiative.ca\/International\/wp-json\/wp\/v2\/posts\/113132","targetHints":{"allow":["GET"]}}],"collection":[{"href":"https:\/\/linitiative.ca\/International\/wp-json\/wp\/v2\/posts"}],"about":[{"href":"https:\/\/linitiative.ca\/International\/wp-json\/wp\/v2\/types\/post"}],"author":[{"embeddable":true,"href":"https:\/\/linitiative.ca\/International\/wp-json\/wp\/v2\/users\/1738"}],"replies":[{"embeddable":true,"href":"https:\/\/linitiative.ca\/International\/wp-json\/wp\/v2\/comments?post=113132"}],"version-history":[{"count":0,"href":"https:\/\/linitiative.ca\/International\/wp-json\/wp\/v2\/posts\/113132\/revisions"}],"wp:attachment":[{"href":"https:\/\/linitiative.ca\/International\/wp-json\/wp\/v2\/media?parent=113132"}],"wp:term":[{"taxonomy":"category","embeddable":true,"href":"https:\/\/linitiative.ca\/International\/wp-json\/wp\/v2\/categories?post=113132"},{"taxonomy":"post_tag","embeddable":true,"href":"https:\/\/linitiative.ca\/International\/wp-json\/wp\/v2\/tags?post=113132"}],"curies":[{"name":"wp","href":"https:\/\/api.w.org\/{rel}","templated":true}]}}