{"id":113137,"date":"2021-03-15T15:04:00","date_gmt":"2021-03-15T19:04:00","guid":{"rendered":"https:\/\/linitiative.ca\/International\/ou-va-la-tunisie\/"},"modified":"2021-03-15T15:04:00","modified_gmt":"2021-03-15T19:04:00","slug":"ou-va-la-tunisie","status":"publish","type":"post","link":"https:\/\/linitiative.ca\/International\/ou-va-la-tunisie\/","title":{"rendered":"O\u00f9 va la Tunisie ?"},"content":{"rendered":"<p>Il ne se passe plus un jour sans que l&rsquo;autorit\u00e9 de l&rsquo;Etat est bafou\u00e9 et que ses agents soient humili\u00e9s. Apr\u00e8s les incidents du boulevard Kheireddine Bacha, c&rsquo;est l&rsquo;a\u00e9roport de Tunis-Cathage d&rsquo;\u00ebtre le th\u00e9\u00e2tre d&rsquo;incidents dont les protagonistes sont les m\u00eames \u00e0 quelques exceptions pr\u00e8s : la force publique et la coalition El Karama\u00a0 qui d\u00e9fraie la chronique depuis un certain temps. Une dame tunisienne a \u00e9t\u00e9 emp\u00each\u00e9e par la police de prendre l&rsquo;avion au motif qu&rsquo;elle \u00e9tait fich\u00e9e S. Comme par hasard, le chef de cette coalition qui se trouvait l\u00e0, a pris le parti de la dame et demand\u00e9 aux agents de revenir sur leur d\u00e9cision. Refus cat\u00e9gorique des agents qui objectent qu&rsquo;il s&rsquo;agit d&rsquo;une d\u00e9cision de justice qu&rsquo;ilssont tenus d&rsquo;ex\u00e9cuter. Chose que le d\u00e9put\u00e9 n&rsquo;appr\u00e9cie pas en insistant sur sa qualit\u00e9 de repr\u00e9sentants du peuple. Un de ses coll\u00e8gues essaie d&rsquo;intimider l&rsquo;agent \u00ab\u00a0vous n&rsquo;avez pas le droit de vous opposer \u00e0 un repr\u00e9sentant de peuple\u00a0\u00bb. R\u00e9ponse du policier :\u00a0\u00bbces propos sont indignes d&rsquo;un repr\u00e9sentant du peuple\u00a0\u00bb. Des\u00a0 cris fusent \u00ab\u00a0tahia Toun\u00e8s\u00a0\u00bb. Surpris, le d\u00e9put\u00e9 d\u00e9cline pour la \u00e9ni\u00e8me fois sa qualit\u00e9.\u00a0 Il n&rsquo;impressionne personne De guerre lasse, il finit par appeler ses coll\u00e8gues, absents, \u00e0 la rescousse. L&rsquo;arriv\u00e9e du syndicat des la police mettra fin \u00e0 l&rsquo;ncident. Tout penaud, le d\u00e9put\u00e9 bat en retraite. Habitu\u00e9 \u00e0 s&rsquo;en prendre aux femmes, il a trop pr\u00e9jug\u00e9 de ses forces, cette fois-ci. C&rsquo;est ce qu&rsquo;on appelle une justice immanente.Cet \u00e9v\u00e8nement constitue un tournant. On critique souvent la police. Je dirais : heureusement qu&rsquo;ils sont l\u00e0. La peur va peut-\u00eatre changer de camp.<\/p>\n<p class=\"c2\"><strong>\u00a0<\/strong>\u00a0<\/p>\n<p>Auteur:<br \/>\n<a href=\"https:\/\/www.leaders.com.tn\/article\/31579-ou-va-la-tunisie\">Cliquez ici pour lire l&rsquo;article depuis sa source.<\/a><\/p>\n","protected":false},"excerpt":{"rendered":"<p>Il ne se passe plus un jour sans que l&rsquo;autorit\u00e9 de l&rsquo;Etat est bafou\u00e9 et que ses agents soient humili\u00e9s. Apr\u00e8s les incidents du boulevard Kheireddine Bacha, c&rsquo;est l&rsquo;a\u00e9roport de Tunis-Cathage d&rsquo;\u00ebtre le th\u00e9\u00e2tre d&rsquo;incidents dont les protagonistes sont les m\u00eames \u00e0 quelques exceptions pr\u00e8s : la force publique et la coalition El Karama\u00a0 qui [&hellip;]<\/p>\n","protected":false},"author":1772,"featured_media":0,"comment_status":"closed","ping_status":"closed","sticky":false,"template":"","format":"standard","meta":{"fifu_image_url":"","fifu_image_alt":"","footnotes":""},"categories":[73,55],"tags":[],"class_list":["post-113137","post","type-post","status-publish","format-standard","hentry","category-actualite","category-tunisie"],"_links":{"self":[{"href":"https:\/\/linitiative.ca\/International\/wp-json\/wp\/v2\/posts\/113137","targetHints":{"allow":["GET"]}}],"collection":[{"href":"https:\/\/linitiative.ca\/International\/wp-json\/wp\/v2\/posts"}],"about":[{"href":"https:\/\/linitiative.ca\/International\/wp-json\/wp\/v2\/types\/post"}],"author":[{"embeddable":true,"href":"https:\/\/linitiative.ca\/International\/wp-json\/wp\/v2\/users\/1772"}],"replies":[{"embeddable":true,"href":"https:\/\/linitiative.ca\/International\/wp-json\/wp\/v2\/comments?post=113137"}],"version-history":[{"count":0,"href":"https:\/\/linitiative.ca\/International\/wp-json\/wp\/v2\/posts\/113137\/revisions"}],"wp:attachment":[{"href":"https:\/\/linitiative.ca\/International\/wp-json\/wp\/v2\/media?parent=113137"}],"wp:term":[{"taxonomy":"category","embeddable":true,"href":"https:\/\/linitiative.ca\/International\/wp-json\/wp\/v2\/categories?post=113137"},{"taxonomy":"post_tag","embeddable":true,"href":"https:\/\/linitiative.ca\/International\/wp-json\/wp\/v2\/tags?post=113137"}],"curies":[{"name":"wp","href":"https:\/\/api.w.org\/{rel}","templated":true}]}}