{"id":113145,"date":"2021-03-15T15:28:27","date_gmt":"2021-03-15T19:28:27","guid":{"rendered":"https:\/\/linitiative.ca\/International\/legislatives-complementaires-en-rca\/"},"modified":"2021-03-15T15:28:27","modified_gmt":"2021-03-15T19:28:27","slug":"legislatives-complementaires-en-rca","status":"publish","type":"post","link":"https:\/\/linitiative.ca\/International\/legislatives-complementaires-en-rca\/","title":{"rendered":"LEGISLATIVES COMPLEMENTAIRES EN RCA\u00a0  \u00a0"},"content":{"rendered":"<p class=\"c4\"><em>La tenue des l\u00e9gislatives compl\u00e9mentaires en Centrafrique, n\u2019\u00e9tait pas gagn\u00e9e d\u2019avance, si l\u2019on consid\u00e8re l\u2019ins\u00e9curit\u00e9 qui pr\u00e9vaut dans certaines localit\u00e9s et les intimidations des groupes rebelles, auxquelles s\u2019ajoute le contexte sanitaire. De quoi faire monter la peur chez les populations, surtout que certains rebelles de la Coalition des patriotes pour le changement (CPC), avaient menac\u00e9 d\u2019amputer les mains ou les jambes \u00e0 ceux qui iraient au scrutin. Il fallait donc retenir son souffle et souhaiter que le d\u00e9roulement du scrutin ne replonge pas le pays dans le chaos. Entre partisans de la paix et de l\u2019ordre constitutionnel d\u2019un c\u00f4t\u00e9, et guerriers imp\u00e9nitents \u00e0 la solde de Fran\u00e7ois Boziz\u00e9 ou de ses ouailles de l\u2019autre, il fallait choisir son camp. Malgr\u00e9 le peu d\u2019engouement par endroits, selon les observateurs du R\u00e9seau arc-en-ciel, le scrutin se serait d\u00e9roul\u00e9, pour l\u2019essentiel, sans escarmouches. Qu\u2019est-ce qui a permis \u00e0 Faustin Archange Touad\u00e9ra, de gagner le pari de l\u2019organisation des l\u00e9gislatives, dans les circonscriptions concern\u00e9es\u00a0? La t\u00e2che \u00e9tait d\u2019autant plus difficile que ces circonscriptions \u00e9taient sous le contr\u00f4le des groupes arm\u00e9s, dans le Nord-Ouest et le Centre du pays. A cette question, retenons les trois r\u00e9ponses plausibles.<\/em><\/p>\n<p class=\"c4\"><em>\u00a0<\/em><\/p>\n<p class=\"c6\"><strong><em>Touad\u00e9ra a fait tout ce qui est en son pouvoir, pour la bonne s\u00e9curisation du scrutin<\/em><\/strong><\/p>\n<p class=\"c4\"><em>\u00a0<\/em><\/p>\n<p class=\"c4\"><em>D\u2019abord, rappelons que lors de la pr\u00e9sidentielle et du premier tour des l\u00e9gislatives du 27 d\u00e9cembre dernier, seul un \u00e9lecteur sur trois n\u2019avait pu s\u2019acquitter de son droit de vote pour des raisons d\u2019ins\u00e9curit\u00e9. Depuis la double-attaque sur la capitale, en mi-janvier, le pouvoir de Touad\u00e9ra a renforc\u00e9 ses positions dans le pays \u00e0 l\u2019effet de contrer la menace des groupes arm\u00e9s. Pour ce faire, des centaines de paramilitaires russes et rwandais ont \u00e9t\u00e9 mis \u00e0 contribution. Dans cet \u00e9lan, les rebelles qui occupaient alors, plus des deux tiers du pays, depuis la guerre civile en 2013, ont \u00e9t\u00e9 repouss\u00e9s, contraints de se replier dans des positions qui minimisent, pour le moment, leur menace, c\u2019est-\u00e0-dire le long de certains grands axes routiers et dans certaines campagnes. C\u2019est \u00e0 ce prix que le calme est revenu dans les rues de Bangui, permettant ainsi au scrutin de se d\u00e9rouler paisiblement.\u00a0 Ensuite, retenons que le pr\u00e9sident Touad\u00e9ra a fait tout ce qui est en son pouvoir, pour la bonne s\u00e9curisation du scrutin, en usant, cette fois-ci, d\u2019une \u00ab\u00a0fine strat\u00e9gie\u00a0\u00bb. Il ne s\u2019est pas agi de d\u00e9ployer \u00e0 titre dissuasif, le maximum de forces centrafricaines dans les bureaux de vote. La strat\u00e9gie a plut\u00f4t consist\u00e9 \u00e0 all\u00e9ger le dispositif s\u00e9curitaire, par rapport au scrutin du 27 d\u00e9cembre. Cela a sans doute eu pour effet, dans un premier temps, de rassurer les populations, afin qu\u2019elles sortent plus nombreuses pour voter, pour la plupart dans la bonne humeur. \u00a0Dans un second temps, on peut soutenir avec certains analystes, qu\u2019une pr\u00e9sence trop \u00e9crasante des forces de l\u2019ordre, dans certaines circonstances s\u00e9curitaires marqu\u00e9es par une extr\u00eame d\u00e9licatesse, pouvait engendrer plut\u00f4t l\u2019effet contraire attendu, \u00e0 savoir, dans ce cas d\u2019esp\u00e8ce, un risque plus accru de la riposte des groupes arm\u00e9s.<\/em><\/p>\n<p class=\"c4\"><em>\u00a0<\/em><\/p>\n<p class=\"c6\"><strong><em>Un cadeau empoisonn\u00e9\u00a0?<\/em><\/strong><\/p>\n<p class=\"c6\"><strong><em>\u00a0<\/em><\/strong><\/p>\n<p class=\"c4\"><em>Enfin, le r\u00f4le r\u00e9cemment jou\u00e9 par l\u2019Eglise catholique centrafricaine depuis le mois de janvier 2021, dans le sens de faire baisser les tensions parmi les populations et les bellig\u00e9rants, n\u2019est pas \u00e0 n\u00e9gliger. \u00a0En effet, les \u00e9v\u00eaques du pays avaient diffus\u00e9 un message de paix, invitant les fils et les filles de la Centrafrique, \u00e0 cultiver la vertu du dialogue. Cet appel \u00e0 la paix a peut-\u00eatre port\u00e9 ses fruits. Car, en g\u00e9n\u00e9ral, l\u2019Eglise-famille centrafricaine est l\u2019une des institutions les plus respect\u00e9es dans ce pays o\u00f9 la guerre civile s\u00e9vit depuis huit ans, plongeant le pays dans un stress alimentaire plus accru, tout en provoquant des milliers \u00a0de d\u00e9plac\u00e9s. Cela dit, ce n\u2019est malheureusement pas la fin des tourments pour Touad\u00e9ra, m\u00eame si la nouvelle Assembl\u00e9e nationale est suppos\u00e9e d\u00e9sormais l\u00e9galement constitu\u00e9e, avec la majorit\u00e9 des si\u00e8ges de d\u00e9put\u00e9s \u00e0 son avantage. Un grand d\u00e9fi vient d\u2019\u00eatre relev\u00e9, certes, puisque le pays rentrera dans un ordre constitutionnel, avec l\u2019installation de la nouvelle l\u00e9gislature, d\u2019ici le 3 mai prochain, comme l\u2019exige la Constitution. Cependant, la victoire du pr\u00e9sident Touad\u00e9ra n\u2019est-elle pas comme un cadeau empoisonn\u00e9 ?\u00a0 Comment, en effet, g\u00e9rer un pays dont l\u2019arm\u00e9e mal form\u00e9e et peu \u00e9quip\u00e9e, n\u2019est pas en mesure d\u2019assurer la s\u00e9curit\u00e9 des populations et des institutions\u00a0? Est-il souhaitable que la RCA continue de confier l\u2019essentiel de sa souverainet\u00e9 nationale \u00e0 des forces ext\u00e9rieures\u00a0? Il est honn\u00eate d\u2019admettre que sans cette pr\u00e9sence des forces envoy\u00e9es par Moscou et Kigali, \u00e0 la rescousse du pr\u00e9sident Touad\u00e9ra, la situation s\u00e9curitaire serait, en ce moment, ing\u00e9rable. Mais, il y a un hic\u00a0! Car, l\u2019homme au visage s\u00e9v\u00e8re de Moscou n\u2019est pas un enfant de ch\u0153ur. L\u2019homme mince de Kigali non plus. Tant et si bien que la pr\u00e9sence de leurs forces pourrait se terminer par un jeu d\u2019int\u00e9r\u00eats g\u00e9opolitiquement contradictoires, qui finira par mettre \u00e0 mal, \u00e0 moyen ou long terme, les relations qui existent entre les pays concern\u00e9s. C\u2019est pourquoi, l\u2019un des premiers d\u00e9fis pour Touad\u00e9ra, devra \u00eatre la restructuration de l\u2019arm\u00e9e, dans le sens de son autonomisation.<\/em><\/p>\n<p class=\"c4\"><em>\u00a0<\/em><\/p>\n<p class=\"c6\"><strong><em>\u00ab\u00a0Le Pays\u00a0\u00bb<\/em><\/strong><\/p>\n<p class=\"c6\"><strong><em>\u00a0<\/em><\/strong><\/p>\n<p class=\"c4\"><em>\u00a0<\/em><\/p>\n<p>Auteur: Editions LEPAYS<br \/>\n<a href=\"https:\/\/lepays.bf\/legislatives-complementaires-en-rca-2\/\">Cliquez ici pour lire l&rsquo;article depuis sa source.<\/a><\/p>\n","protected":false},"excerpt":{"rendered":"<p>La tenue des l\u00e9gislatives compl\u00e9mentaires en Centrafrique, n\u2019\u00e9tait pas gagn\u00e9e d\u2019avance, si l\u2019on consid\u00e8re l\u2019ins\u00e9curit\u00e9 qui pr\u00e9vaut dans certaines localit\u00e9s et les intimidations des groupes rebelles, auxquelles s\u2019ajoute le contexte sanitaire. De quoi faire monter la peur chez les populations, surtout que certains rebelles de la Coalition des patriotes pour le changement (CPC), avaient menac\u00e9 [&hellip;]<\/p>\n","protected":false},"author":1813,"featured_media":0,"comment_status":"closed","ping_status":"closed","sticky":false,"template":"","format":"standard","meta":{"fifu_image_url":"","fifu_image_alt":"","footnotes":""},"categories":[73,81],"tags":[],"class_list":["post-113145","post","type-post","status-publish","format-standard","hentry","category-actualite","category-burkina-faso"],"_links":{"self":[{"href":"https:\/\/linitiative.ca\/International\/wp-json\/wp\/v2\/posts\/113145","targetHints":{"allow":["GET"]}}],"collection":[{"href":"https:\/\/linitiative.ca\/International\/wp-json\/wp\/v2\/posts"}],"about":[{"href":"https:\/\/linitiative.ca\/International\/wp-json\/wp\/v2\/types\/post"}],"author":[{"embeddable":true,"href":"https:\/\/linitiative.ca\/International\/wp-json\/wp\/v2\/users\/1813"}],"replies":[{"embeddable":true,"href":"https:\/\/linitiative.ca\/International\/wp-json\/wp\/v2\/comments?post=113145"}],"version-history":[{"count":0,"href":"https:\/\/linitiative.ca\/International\/wp-json\/wp\/v2\/posts\/113145\/revisions"}],"wp:attachment":[{"href":"https:\/\/linitiative.ca\/International\/wp-json\/wp\/v2\/media?parent=113145"}],"wp:term":[{"taxonomy":"category","embeddable":true,"href":"https:\/\/linitiative.ca\/International\/wp-json\/wp\/v2\/categories?post=113145"},{"taxonomy":"post_tag","embeddable":true,"href":"https:\/\/linitiative.ca\/International\/wp-json\/wp\/v2\/tags?post=113145"}],"curies":[{"name":"wp","href":"https:\/\/api.w.org\/{rel}","templated":true}]}}