{"id":113150,"date":"2021-03-15T17:18:34","date_gmt":"2021-03-15T21:18:34","guid":{"rendered":"https:\/\/linitiative.ca\/International\/sante-maternelle-et-infantile-les-acteurs-partagent-les-bonnes-pratiques\/"},"modified":"2021-03-15T17:18:34","modified_gmt":"2021-03-15T21:18:34","slug":"sante-maternelle-et-infantile-les-acteurs-partagent-les-bonnes-pratiques","status":"publish","type":"post","link":"https:\/\/linitiative.ca\/International\/sante-maternelle-et-infantile-les-acteurs-partagent-les-bonnes-pratiques\/","title":{"rendered":"Sant\u00e9 maternelle et infantile: les acteurs partagent les bonnes pratiques"},"content":{"rendered":"<div class=\"td-post-featured-image\"><a href=\"https:\/\/www.sidwaya.info\/wp-content\/uploads\/2021\/03\/societe16.jpg\" data-caption=\"\"><img loading=\"lazy\" decoding=\"async\" width=\"696\" height=\"464\" class=\"entry-thumb td-modal-image\" src=\"https:\/\/www.sidwaya.info\/wp-content\/uploads\/2021\/03\/societe16-696x464.jpg\" srcset=\"https:\/\/www.sidwaya.info\/wp-content\/uploads\/2021\/03\/societe16-696x464.jpg 696w, https:\/\/www.sidwaya.info\/wp-content\/uploads\/2021\/03\/societe16-300x200.jpg 300w, https:\/\/www.sidwaya.info\/wp-content\/uploads\/2021\/03\/societe16-768x512.jpg 768w, https:\/\/www.sidwaya.info\/wp-content\/uploads\/2021\/03\/societe16-150x100.jpg 150w, https:\/\/www.sidwaya.info\/wp-content\/uploads\/2021\/03\/societe16-630x420.jpg 630w, https:\/\/www.sidwaya.info\/wp-content\/uploads\/2021\/03\/societe16.jpg 787w\" sizes=\"auto, (max-width: 696px) 100vw, 696px\" alt=\"\" title=\"societe16\"\/><\/a><\/div>\n<p><strong>La IIe \u00e9dition de la r\u00e9union r\u00e9gionale annuelle de la communaut\u00e9 de pratique en Planification familiale du post-partum (PFPP) int\u00e9gr\u00e9e \u00e0 la Sant\u00e9 maternelle, n\u00e9onatale et infantile (SMNI) et \u00e0 la nutrition en Afrique de l\u2019Ouest francophone a eu lieu en virtuel, les 10 et 11 mars 2021, \u00e0 Ouagadougou.<\/strong><\/p>\n<p>\u00abMise en \u0153uvre des programmes de PFPP int\u00e9gr\u00e9e \u00e0 la SMNI et la nutrition dans le contexte de la COVID-19, meilleures pratiques et le\u00e7ons apprises\u00a0\u00bb. C\u2019est sous ce th\u00e8me que la IIe \u00e9dition de la r\u00e9union r\u00e9gionale annuelle de la communaut\u00e9 de Pratique en planification familiale du post-partum (PFPP) int\u00e9gr\u00e9e \u00e0 la Sant\u00e9 maternelle, n\u00e9onatale et infantile (SMNI) et \u00e0 la nutrition en Afrique de l\u2019Ouest francophone a eu lieu, les 10 et 11 mars 2021, \u00e0 Ouagadougou.<br \/>Les participants ont partag\u00e9 les exp\u00e9riences et le\u00e7ons apprises des associations des professionnels de sant\u00e9 dans la mise en \u0153uvre de l\u2019int\u00e9gration de la PFPP dans le contexte de la pand\u00e9mie de la COVID-19. Ils ont aussi \u00e9voqu\u00e9 le suivi des engagements avec les responsables des programmes nationaux de PF et SMNI, les \u00e9lus locaux, les acteurs et les partenaires dans la mise en \u0153uvre des actions prioritaires et des plans de passage \u00e0 l\u2019\u00e9chelle de la PFPP int\u00e9gr\u00e9e aux services de SMNI et Nutrition. \u00a0Mobiliser les donateurs pour le soutien continu des plans de passage \u00e0 l\u2019\u00e9chelle de la PFPP int\u00e9gr\u00e9e au niveau national et r\u00e9gional et promouvoir et \u00e9largir \u00e0 d\u2019autres partenaires et acteurs de la Communaut\u00e9 de Pratique r\u00e9gionale, ont \u00e9t\u00e9 \u00e9galement abord\u00e9s.<br \/>Le ministre de la Sant\u00e9, Charlemagne Ou\u00e9draogo, a salu\u00e9 l\u2019engagement de tous les acteurs aux c\u00f4t\u00e9s des m\u00e8res et des enfants qui paient un lourd tribut aux maladies mortelles, \u00e9vitables par la prise en charge int\u00e9gr\u00e9e globale dans un continuum de soins r\u00e9pondant aux besoins essentiels de services de sant\u00e9 pour eux. \u201cLa charge de morbidit\u00e9 reste \u00e9lev\u00e9e\u00a0dans la r\u00e9gion ouest-africaine et les femmes sont expos\u00e9es \u00e0 un risque de d\u00e9c\u00e8s maternel de 1 sur 34 au cours de leur vie\u201d, a d\u00e9plor\u00e9 le ministre. Quant aux nourrissons, \u201c34 sur 1000 ne survivent pas \u00e0 leurs 28 premiers jours de vie\u201d, a-t-il poursuivi. Au regard de cette situation, l\u2019Organisation mondiale de la sant\u00e9 (OMS) recommande une politique sanitaire centr\u00e9e sur la personne afin de mettre en place des syst\u00e8mes capables de relever les d\u00e9fis nouveaux et vari\u00e9s.<\/p>\n<p>Un paquet de services de sant\u00e9<\/p>\n<p>Ainsi, a soulign\u00e9 le ministre en charge de la sant\u00e9, la plupart des gouvernements de l\u2019Afrique de l\u2019Ouest francophone se sont engag\u00e9s \u00e0 consacrer des ressources importantes pour le d\u00e9veloppement sanitaire afin d\u2019engager la marche r\u00e9solue vers la couverture universelle en services de sant\u00e9 de base essentiels. La plupart des professionnels de la sant\u00e9 peuvent offrir des services li\u00e9s \u00e0 la PF, \u00e0 la sant\u00e9 maternelle, \u00e0 la sant\u00e9 infantile ou \u00e0 la nutrition.<br \/>Cependant, ces services sont g\u00e9n\u00e9ralement fournis individuellement et consid\u00e9r\u00e9s comme des services distincts. Pour atteindre la Couverture sanitaire universelle (CSU), les syst\u00e8mes de sant\u00e9 doivent fournir des soins de sant\u00e9 primaires int\u00e9gr\u00e9s et centr\u00e9s sur la personne. D\u2019o\u00f9 l\u2019importance de l\u2019int\u00e9gration de la PF aux SMNI et aux services de nutrition. Elle donne plus de possibilit\u00e9s aux b\u00e9n\u00e9ficiaires de se voir offrir un paquet de services de sant\u00e9 n\u00e9cessaires et les agents de sant\u00e9 peuvent fournir plusieurs services en un seul point de contact.<br \/>A entendre Charlemagne Ou\u00e9draogo, pour acc\u00e9l\u00e9rer le processus de passage \u00e0 l\u2019\u00e9chelle des soins int\u00e9gr\u00e9s, des partenariats strat\u00e9giques ont \u00e9t\u00e9 initi\u00e9s, notamment la communaut\u00e9 de pratique PFPP int\u00e9gr\u00e9e \u00e0 la SMNI et nutrition en f\u00e9vrier 2020 conform\u00e9ment aux recommandations de l\u2019atelier r\u00e9gional PFPP int\u00e9gr\u00e9e de Cotonou de 2019. Il pense que la r\u00e9gion de l\u2019Afrique de l\u2019Ouest francophone a effectu\u00e9 d\u2019\u00e9normes progress, ces derni\u00e8res ann\u00e9es, qui m\u00e9ritent d\u2019\u00eatre renforc\u00e9s. Cette communaut\u00e9 de pratique regroupe plus de 150 membres\u00a0et sa pr\u00e9sidence est assur\u00e9e par l\u2019OMS\/AFRO.<\/p>\n<p>Habibata WARA<\/p>\n<div class=\"td-a-rec td-a-rec-id-content_bottom tdi_33_61e td_block_template_1\">\n<p><img loading=\"lazy\" decoding=\"async\" class=\"aligncenter size-full wp-image-27454\" src=\"https:\/\/www.sidwaya.info\/wp-content\/uploads\/2020\/10\/PUB-Bandeau-paiement-mobile-siteweb.jpg\" alt=\"\" width=\"728\" height=\"90\"\/><\/div>\n<p>Auteur: BM. Sidwaya<br \/>\n<a href=\"https:\/\/www.sidwaya.info\/blog\/2021\/03\/15\/sante-maternelle-et-infantile-les-acteurs-partagent-les-bonnes-pratiques\/\">Cliquez ici pour lire l&rsquo;article depuis sa source.<\/a><\/p>\n","protected":false},"excerpt":{"rendered":"<p>La IIe \u00e9dition de la r\u00e9union r\u00e9gionale annuelle de la communaut\u00e9 de pratique en Planification familiale du post-partum (PFPP) int\u00e9gr\u00e9e \u00e0 la Sant\u00e9 maternelle, n\u00e9onatale et infantile (SMNI) et \u00e0 la nutrition en Afrique de l\u2019Ouest francophone a eu lieu en virtuel, les 10 et 11 mars 2021, \u00e0 Ouagadougou. \u00abMise en \u0153uvre des programmes [&hellip;]<\/p>\n","protected":false},"author":1816,"featured_media":0,"comment_status":"closed","ping_status":"closed","sticky":false,"template":"","format":"standard","meta":{"fifu_image_url":"https:\/\/www.sidwaya.info\/wp-content\/uploads\/2021\/03\/societe16-696x464.jpg","fifu_image_alt":"Sant\u00e9 maternelle et infantile: les acteurs partagent les bonnes pratiques","footnotes":""},"categories":[73,81],"tags":[],"class_list":["post-113150","post","type-post","status-publish","format-standard","hentry","category-actualite","category-burkina-faso"],"_links":{"self":[{"href":"https:\/\/linitiative.ca\/International\/wp-json\/wp\/v2\/posts\/113150","targetHints":{"allow":["GET"]}}],"collection":[{"href":"https:\/\/linitiative.ca\/International\/wp-json\/wp\/v2\/posts"}],"about":[{"href":"https:\/\/linitiative.ca\/International\/wp-json\/wp\/v2\/types\/post"}],"author":[{"embeddable":true,"href":"https:\/\/linitiative.ca\/International\/wp-json\/wp\/v2\/users\/1816"}],"replies":[{"embeddable":true,"href":"https:\/\/linitiative.ca\/International\/wp-json\/wp\/v2\/comments?post=113150"}],"version-history":[{"count":0,"href":"https:\/\/linitiative.ca\/International\/wp-json\/wp\/v2\/posts\/113150\/revisions"}],"wp:attachment":[{"href":"https:\/\/linitiative.ca\/International\/wp-json\/wp\/v2\/media?parent=113150"}],"wp:term":[{"taxonomy":"category","embeddable":true,"href":"https:\/\/linitiative.ca\/International\/wp-json\/wp\/v2\/categories?post=113150"},{"taxonomy":"post_tag","embeddable":true,"href":"https:\/\/linitiative.ca\/International\/wp-json\/wp\/v2\/tags?post=113150"}],"curies":[{"name":"wp","href":"https:\/\/api.w.org\/{rel}","templated":true}]}}