{"id":113153,"date":"2021-03-15T16:21:35","date_gmt":"2021-03-15T20:21:35","guid":{"rendered":"https:\/\/linitiative.ca\/International\/parlement-cavaye-yeguie-djibril-et-niat-njifenji-indetronables\/"},"modified":"2021-03-15T16:21:35","modified_gmt":"2021-03-15T20:21:35","slug":"parlement-cavaye-yeguie-djibril-et-niat-njifenji-indetronables","status":"publish","type":"post","link":"https:\/\/linitiative.ca\/International\/parlement-cavaye-yeguie-djibril-et-niat-njifenji-indetronables\/","title":{"rendered":"Parlement : Cavaye Y\u00e9gui\u00e9 Djibril et Niat Njifenji ind\u00e9tr\u00f4nables"},"content":{"rendered":"<div class=\"featured-area featured-area-inner\">\n<figure class=\"single-featured-image\">\n<p><img loading=\"lazy\" decoding=\"async\" width=\"780\" height=\"470\" src=\"https:\/\/ecomatin.net\/wp-content\/uploads\/2021\/03\/image-780x470.png\" class=\"attachment-jannah-image-post size-jannah-image-post wp-post-image\" alt=\"\" is_main_img=\"1\"\/><\/p>\n<\/figure>\n<\/div>\n<div class=\"entry-content entry clearfix\" readability=\"68\">\n<p>\u00c0 l\u2019Assembl\u00e9e Nationale, Cavaye Y\u00e9gui\u00e9 Djibril, 81 ans, est bien plac\u00e9 pour conserver le perchoir qu\u2019il occupe depuis 1992. Le pr\u00e9sident de la chambre basse du parlement devrait d\u00e8s lors passer une nouvelle ann\u00e9e l\u00e9gislative \u00e0 la t\u00eate de cette auguste chambre. Alors que des informations faisant \u00e9tat d\u2019une sant\u00e9 de plus en plus fragile circulent, le d\u00e9put\u00e9 du Mayo Sava dans la r\u00e9gion de l\u2019Extr\u00eame-Nord\u00a0\u00a0\u00e9tait pr\u00e9sent \u00e0 la pl\u00e9ni\u00e8re d\u2019ouverture de la session de Mars. Apr\u00e8s l\u2019avoir convoqu\u00e9e, surprise, plus d\u2019un mois \u00e0 l\u2019avance.<\/p>\n<p>Les mouvements au sein du Rassemblement d\u00e9mocratique du peuple camerounais (Rdpc) laissent en outre penser que le fils Mada devrait conserver les r\u00eanes de la Chambre Basse du Parlement. En effet, une concertation du Comit\u00e9 central s\u2019est tenue le 9 mars dernier \u00e0 Yaound\u00e9. Au c\u0153ur des \u00e9changes pr\u00e9sid\u00e9s par le Secr\u00e9taire g\u00e9n\u00e9ral, Jean Nkuete, la validation des sommiers politiques, la mise \u00e0 jour des organes de base et des effectifs du\u00a0\u00a0\u00a0Rdpc.\u00a0\u00a0Une rencontre qui regroupait notamment les Chefs des d\u00e9l\u00e9gations permanentes r\u00e9gionales et d\u00e9partementales tels que Cavaye Y\u00e9gui\u00e9 Djibril. Chef de la d\u00e9l\u00e9gation permanente r\u00e9gionale du Rdpc dans la r\u00e9gion de l\u2019Extr\u00eame-Nord,\u00a0\u00a0l\u2019actuel pr\u00e9sident de l\u2019Assembl\u00e9e nationale occupe une place importante dans le jeu d\u2019\u00e9quilibre (r\u00e9gional) auquel se livre le pr\u00e9sident de la R\u00e9publique.\u00a0<\/p>\n<p>En outre, le pr\u00e9sident de l\u2019Assembl\u00e9e nationale a r\u00e9ussi\u00a0\u00a0\u00e0 conserver la confiance du Chef de l\u2019Etat depuis 1992. Un point (ndlr confiance) important du mode de fonctionnement du pr\u00e9sident de la R\u00e9publique. Ainsi, le scrutin de cette fin de semaine\u00a0\u00a0ne devrait pas conduire \u00e0 un sc\u00e9nario diff\u00e9rent.\u00a0\u00a0Membre du Comit\u00e9 central et du Bureau politique du Rassemblement d\u00e9mocratique du peuple Camerounais (Rdpc), l\u2019originaire du d\u00e9partement du Mayo-Sava dans la r\u00e9gion de l\u2019Extr\u00eame-Nord,\u00a0\u00a0n\u2019a jamais\u00a0\u00a0connu d\u2019adversaire dans cette institution, majoritairement aux couleurs du Parti du Flambeau.<\/p>\n<p><strong>S\u00e9nat<\/strong><\/p>\n<p>Le profil du pr\u00e9sident du S\u00e9nat ob\u00e9it aux m\u00eames lois qui gouvernent le choix du pr\u00e9sident de l\u2019Assembl\u00e9e nationale. Marcel Niat Njifenji, en mauvais \u00e9tat de sant\u00e9 depuis de nombreuses ann\u00e9es devrait conserver le perchoir selon\u00a0\u00a0des murmures au sein de la Chambre Haute. D\u2019ailleurs son retour d\u2019Europe \u00e0 la veille de la convocation de\u00a0\u00a0la session de mars, le 12 f\u00e9vrier dernier\u00a0\u00a0(apr\u00e8s des mois d\u2019absence) laisse supposer qu\u2019il devrait \u00e0 nouveau \u00eatre candidat \u00e0 sa propre succession. Et ce malgr\u00e9 les supputations qui vont bon train sur un possible changement \u00e0 la t\u00eate de l\u2019Institution depuis quelques semaines. Des sp\u00e9culations qui ne prennent pas en compte les habitudes du pr\u00e9sident national du Rassemblement d\u00e9mocratique du peuple camerounais (Rdpc). Un homme politique qui ne s\u2019inscrit pas dans la rupture.<\/p>\n<\/div>\n<p>Auteur: EcoMatin<br \/>\n<a href=\"https:\/\/ecomatin.net\/parlement-cavaye-yeguie-djibril-et-niat-njifenji-indetronables\/\">Cliquez ici pour lire l&rsquo;article depuis sa source.<\/a><\/p>\n","protected":false},"excerpt":{"rendered":"<p>\u00c0 l\u2019Assembl\u00e9e Nationale, Cavaye Y\u00e9gui\u00e9 Djibril, 81 ans, est bien plac\u00e9 pour conserver le perchoir qu\u2019il occupe depuis 1992. Le pr\u00e9sident de la chambre basse du parlement devrait d\u00e8s lors passer une nouvelle ann\u00e9e l\u00e9gislative \u00e0 la t\u00eate de cette auguste chambre. Alors que des informations faisant \u00e9tat d\u2019une sant\u00e9 de plus en plus fragile [&hellip;]<\/p>\n","protected":false},"author":1969,"featured_media":0,"comment_status":"closed","ping_status":"closed","sticky":false,"template":"","format":"standard","meta":{"fifu_image_url":"https:\/\/ecomatin.net\/wp-content\/uploads\/2021\/03\/image-780x470.png","fifu_image_alt":"Parlement : Cavaye Y\u00e9gui\u00e9 Djibril et Niat Njifenji ind\u00e9tr\u00f4nables","footnotes":""},"categories":[82,78],"tags":[],"class_list":["post-113153","post","type-post","status-publish","format-standard","hentry","category-cameroun","category-economie"],"_links":{"self":[{"href":"https:\/\/linitiative.ca\/International\/wp-json\/wp\/v2\/posts\/113153","targetHints":{"allow":["GET"]}}],"collection":[{"href":"https:\/\/linitiative.ca\/International\/wp-json\/wp\/v2\/posts"}],"about":[{"href":"https:\/\/linitiative.ca\/International\/wp-json\/wp\/v2\/types\/post"}],"author":[{"embeddable":true,"href":"https:\/\/linitiative.ca\/International\/wp-json\/wp\/v2\/users\/1969"}],"replies":[{"embeddable":true,"href":"https:\/\/linitiative.ca\/International\/wp-json\/wp\/v2\/comments?post=113153"}],"version-history":[{"count":0,"href":"https:\/\/linitiative.ca\/International\/wp-json\/wp\/v2\/posts\/113153\/revisions"}],"wp:attachment":[{"href":"https:\/\/linitiative.ca\/International\/wp-json\/wp\/v2\/media?parent=113153"}],"wp:term":[{"taxonomy":"category","embeddable":true,"href":"https:\/\/linitiative.ca\/International\/wp-json\/wp\/v2\/categories?post=113153"},{"taxonomy":"post_tag","embeddable":true,"href":"https:\/\/linitiative.ca\/International\/wp-json\/wp\/v2\/tags?post=113153"}],"curies":[{"name":"wp","href":"https:\/\/api.w.org\/{rel}","templated":true}]}}