{"id":113154,"date":"2021-03-15T17:12:27","date_gmt":"2021-03-15T21:12:27","guid":{"rendered":"https:\/\/linitiative.ca\/International\/assemblee-nationale-joshua-osih-dans-la-tourmente\/"},"modified":"2021-03-15T17:12:27","modified_gmt":"2021-03-15T21:12:27","slug":"assemblee-nationale-joshua-osih-dans-la-tourmente","status":"publish","type":"post","link":"https:\/\/linitiative.ca\/International\/assemblee-nationale-joshua-osih-dans-la-tourmente\/","title":{"rendered":"Assembl\u00e9e nationale : Joshua Osih dans la tourmente"},"content":{"rendered":"<p>Outre le d\u00e9saveu de son parti apr\u00e8s qu\u2019il ait sign\u00e9 une lettre adress\u00e9e au Congr\u00e8s am\u00e9ricain, le premier Vice-pr\u00e9sident du SDF est aux prises avec d\u2019autres militants quant \u00e0 la succession de John Fru Ndi.<\/p>\n<p>Le Comit\u00e9 ex\u00e9cutif national du SDF a tranch\u00e9. Le d\u00e9put\u00e9 du Wouri Centre a agi en marge de la politique du parti. Joshua Osih a d\u00e8s lors \u00e9t\u00e9 d\u00e9savou\u00e9 par le parti de la Balance au cours d\u2019une concertation du Nec qui a eu lieu \u00e0 Yaound\u00e9 ce samedi 13 mars 2021. L\u2019organe supr\u00eame du Social Democratic front condamne la participation de son Premier Vice-pr\u00e9sident et de certains autres d\u00e9put\u00e9s\u00a0\u00a0\u00e0 la r\u00e9daction de la lettre du 20 f\u00e9vrier, recadrant le Congr\u00e8s am\u00e9ricain. Les membres du Nec assurent d\u00e8s lors\u00a0\u00a0que \u00ab\u00a0face \u00e0 la signature de la p\u00e9tition \u00e9crite au congr\u00e8s am\u00e9ricain par certains membres de l\u2019Assembl\u00e9e nationale, y compris le 1er vice-pr\u00e9sident national du parti- Honorable Joshua Osih.\u00a0\u00ab\u00a0Il (Ndlr Nec) les charge, avec la m\u00eame vigueur, d\u2019appeler le Parlement (avec la majorit\u00e9 ob\u00e8se du RDPC) et le Chef de l\u2019Etat \u00e0 porter le probl\u00e8me anglophone devant le parlement pour discussion.\u00a0Dans le cas contraire, les d\u00e9put\u00e9s du SDF signataires de cette p\u00e9tition devraient retirer leurs signatures\u00a0\u00bb<em>.<\/em><\/p>\n<p>Cette sortie du Nec intervient alors que la formation politique est en perte de vitesse apr\u00e8s la participation malheureuse de Joshua Osih \u00e0 la pr\u00e9sidentielle de 2018. En outre, Le premier Vice-pr\u00e9sident est aux prises avec d\u2019autres militants du parti quant \u00e0 la succession de John Fru Ndi.<\/p>\n<p>En rappel, outre le d\u00e9put\u00e9 du Wouri Centre, l\u2019on peut \u00e9galement lire le nom de l\u2019honorable Njong Evaristus, parlementaire du d\u00e9partement de Boyo dans la r\u00e9gion du Nord Ouest.<\/p>\n<p><strong>Explications<\/strong><\/p>\n<p>Le d\u00e9saveu de Joshua Osih intervient alors qu\u2019au sein de la Chambre Basse du parlement, des voix dissonantes s\u2019\u00e9l\u00e8vent au sujet de l\u2019id\u00e9e de r\u00e9diger une correspondance au Congr\u00e8s am\u00e9ricain sans que tous les d\u00e9put\u00e9s ne soient inform\u00e9s. \u00ab\u00a0Je ne suis pas signataire de cette lettre et je ne serai jamais signataire d\u2019une telle lettre. Pour l\u2019instant, j\u2019ignore les motifs pour lesquels certains d\u00e9put\u00e9s ont sign\u00e9 une telle correspondance. J\u2019ai lu le contenu et je pense que nous allons en d\u00e9battre. C\u2019est le lieu, c\u2019est le moment. Il n\u2019y a pas de pol\u00e9mique \u00e0 faire. Chaque d\u00e9put\u00e9 a ses opinions, ses motivations personnelles. Maintenant, il faut aller dans le fond pour demander les raisons, les mobiles qui peuvent emmener un groupe de parlementaire \u00e0 prendre une telle position. Le moment venu, nous interrogerons nos coll\u00e8gues\u00a0\u00bb\u00a0assure l\u2019honorable Benilde Djeumeni, d\u00e9put\u00e9 SDF.<\/p>\n<p>Une vision que l\u2019on ne partage pas parmi les\u00a0\u00a066 signataires de la lettre recadrant le congr\u00e8s am\u00e9ricain. \u00ab\u00a0Ce que le congr\u00e8s am\u00e9ricain a \u00e9crit \u00e9tait condamnable. Quand on regarde le probl\u00e8me anglophone, on ne comprend pas ce que fait l\u2019Am\u00e9rique. Pourquoi continuent-ils \u00e0 garder ceux qui financent les Ambaboys\u00a0? Ce sont toujours eux qui sont les premiers \u00e0 condamner. Il n\u2019y a pas d\u2019\u00e9lectricit\u00e9 etc. On ne peut pas rester silencieux. Pour ceux qui parlent de d\u00e9bat sur la crise anglophone ici,\u00a0\u00a0mais\u00a0\u00a0l\u2019Assembl\u00e9e nationale n\u2019est pas un palais de justice\u00bb<em>\u00a0<\/em>d\u00e9fend l\u2019honorable Simon Kumase, d\u00e9put\u00e9 Rdpc.<\/p>\n<p>Auteur: EcoMatin<br \/>\n<a href=\"https:\/\/ecomatin.net\/assemblee-nationale-joshua-osih-dans-la-tourmente\/\">Cliquez ici pour lire l&rsquo;article depuis sa source.<\/a><\/p>\n","protected":false},"excerpt":{"rendered":"<p>Outre le d\u00e9saveu de son parti apr\u00e8s qu\u2019il ait sign\u00e9 une lettre adress\u00e9e au Congr\u00e8s am\u00e9ricain, le premier Vice-pr\u00e9sident du SDF est aux prises avec d\u2019autres militants quant \u00e0 la succession de John Fru Ndi. Le Comit\u00e9 ex\u00e9cutif national du SDF a tranch\u00e9. Le d\u00e9put\u00e9 du Wouri Centre a agi en marge de la politique [&hellip;]<\/p>\n","protected":false},"author":1969,"featured_media":0,"comment_status":"closed","ping_status":"closed","sticky":false,"template":"","format":"standard","meta":{"fifu_image_url":"","fifu_image_alt":"","footnotes":""},"categories":[82,78],"tags":[],"class_list":["post-113154","post","type-post","status-publish","format-standard","hentry","category-cameroun","category-economie"],"_links":{"self":[{"href":"https:\/\/linitiative.ca\/International\/wp-json\/wp\/v2\/posts\/113154","targetHints":{"allow":["GET"]}}],"collection":[{"href":"https:\/\/linitiative.ca\/International\/wp-json\/wp\/v2\/posts"}],"about":[{"href":"https:\/\/linitiative.ca\/International\/wp-json\/wp\/v2\/types\/post"}],"author":[{"embeddable":true,"href":"https:\/\/linitiative.ca\/International\/wp-json\/wp\/v2\/users\/1969"}],"replies":[{"embeddable":true,"href":"https:\/\/linitiative.ca\/International\/wp-json\/wp\/v2\/comments?post=113154"}],"version-history":[{"count":0,"href":"https:\/\/linitiative.ca\/International\/wp-json\/wp\/v2\/posts\/113154\/revisions"}],"wp:attachment":[{"href":"https:\/\/linitiative.ca\/International\/wp-json\/wp\/v2\/media?parent=113154"}],"wp:term":[{"taxonomy":"category","embeddable":true,"href":"https:\/\/linitiative.ca\/International\/wp-json\/wp\/v2\/categories?post=113154"},{"taxonomy":"post_tag","embeddable":true,"href":"https:\/\/linitiative.ca\/International\/wp-json\/wp\/v2\/tags?post=113154"}],"curies":[{"name":"wp","href":"https:\/\/api.w.org\/{rel}","templated":true}]}}