{"id":113156,"date":"2021-03-16T07:00:28","date_gmt":"2021-03-16T11:00:28","guid":{"rendered":"https:\/\/linitiative.ca\/International\/avec-une-enveloppe-budgetaire-de-330-mdh-rabat-cherche-designer-pour-sa-future-arena-polyvalente\/"},"modified":"2021-03-16T07:00:28","modified_gmt":"2021-03-16T11:00:28","slug":"avec-une-enveloppe-budgetaire-de-330-mdh-rabat-cherche-designer-pour-sa-future-arena-polyvalente","status":"publish","type":"post","link":"https:\/\/linitiative.ca\/International\/avec-une-enveloppe-budgetaire-de-330-mdh-rabat-cherche-designer-pour-sa-future-arena-polyvalente\/","title":{"rendered":"Avec une enveloppe budg\u00e9taire de 330 MDH : Rabat cherche designer pour sa future  ar\u00e9na polyvalente"},"content":{"rendered":"<figure class=\"post-thumbnail\" itemprop=\"associatedMedia\" itemscope=\"itemscope\" itemtype=\"http:\/\/schema.org\/ImageObject\"><img decoding=\"async\" class=\"post_layout_5_img\" src=\"http:\/\/aujourdhui.ma\/wp-content\/uploads\/2021\/03\/sche\u0301mas-montrent-les-configurations-pour-le-basket-ball-le-tennis-le-handball-le-volleyball.jpg\" alt=\"Avec une enveloppe budg\u00e9taire de 330 MDH : Rabat cherche designer pour sa future ar\u00e9na polyvalente\"\/><\/figure>\n<p><span class=\"c5\"><strong>La ville lumi\u00e8re aura bient\u00f4t une ar\u00e9na moderne. En effet, le minist\u00e8re de la culture, de la jeunesse et des sports et l\u2019Agence nationale des \u00e9quipements publics viennent de lancer le concours architectural pour la r\u00e9alisation d\u2019une ar\u00e9na polyvalente \u00e0 Rabat.<\/strong><\/span><span id=\"more-371136\"\/><\/p>\n<p>Il s\u2019agit d\u2019une salle modulable et polyvalente capable d\u2019accueillir des manifestations sportives ainsi que des spectacles divers.<\/p>\n<p><strong><span class=\"c6\">Une architecture dans l\u2019\u00e8re du temps<\/span><\/strong><\/p>\n<p>Pour ce projet, le ma\u00eetre d\u2019ouvrage est le minist\u00e8re de la culture, de la jeunesse et des sports et le ma\u00eetre d\u2019ouvrage d\u00e9l\u00e9gu\u00e9 est l\u2019Agence nationale des \u00e9quipements publics, repr\u00e9sent\u00e9e par sa direction r\u00e9gionale de Rabat. L\u2019enceinte de cette ar\u00e9na devra \u00eatre \u00e9quip\u00e9e d\u2019innovations technologiques \u00abultra modernes et une acoustique exceptionnelle au service des spectateurs\u00bb, pr\u00e9cisent les initiateurs de ce projet ajoutant que selon chaque \u00e9v\u00e9nement, la configuration de la salle change. En termes d\u2019investissement, le budget pr\u00e9visionnel pour la r\u00e9alisation des travaux est de 330 millions de dirhams. Ce projet situ\u00e9 \u00e0 l\u2019aire de la wilaya de Rabat dispose d\u2019une assiette fonci\u00e8re de 2 hectares et sera desservi par 4 voies publiques. Sur le plan architectural, il s\u2019inscrit dans l\u2019objectif de fa\u00e7onner un \u00e9l\u00e9ment de patrimoine urbain vivant, pour lequel il est attendu \u00e0 la fois \u00abune expression architecturale r\u00e9v\u00e9latrice de son \u00e9poque de conception, ainsi qu\u2019une vocation de futur h\u00e9ritage institutionnel. Sa conception devra ainsi s\u2019appuyer sur un parti architectural et d\u2019am\u00e9nagement r\u00e9fl\u00e9chi en vue de refl\u00e9ter les valeurs modernes et dynamiques tout en respectant la r\u00e9glementation en vigueur notamment en ce qui concerne les normes de qualit\u00e9, s\u00e9curit\u00e9 et performance \u00e9nerg\u00e9tique, sans oublier bien \u00e9videmment la n\u00e9cessit\u00e9 de puiser dans les r\u00e9f\u00e9rences architecturales et esth\u00e9tiques marocaines\u00bb, souligne la m\u00eame source.<br \/>A noter qu\u2019une strat\u00e9gie d\u2019efficacit\u00e9 \u00e9nerg\u00e9tique est programm\u00e9e dans le cadre de la conception dudit projet.<\/p>\n<p><span class=\"c6\"><strong>15.000 places de capacit\u00e9<\/strong><\/span><\/p>\n<p>Ce lieu vivant sera dot\u00e9 d\u2019une capacit\u00e9 de 12.000 places extensibles \u00e0 15000 places selon l\u2019activit\u00e9. L\u2019ensemble de l\u2019espace devra r\u00e9unir divers \u00e9v\u00e8nements (concerts et sport) et int\u00e9grera 300 places de stationnement situ\u00e9es au sous-sol sous les gradins. Au sein de cette structure, un plan de \u00ab circulation verticale\u00bb sera mis en place et sera mat\u00e9rialis\u00e9 entre autres avec des ascenseurs, voire des escaliers m\u00e9caniques. \u00abLe projet d\u2019ar\u00e9na polyvalente de Rabat s\u2019inscrit dans un contexte de forte volont\u00e9 politique de cr\u00e9er un projet visionnaire et in\u00e9dit au Maroc. Il r\u00e9pond \u00e0 des besoins r\u00e9els en termes d\u2019animation sportive et culturelle dans la capitale, sa r\u00e9gion, voire l\u2019ensemble du territoire national. En effet, le projet participera \u00e0 la dynamique \u00e9conomique et renforcera l\u2019attractivit\u00e9 de la capitale et de la r\u00e9gion de Rabat-Sale-K\u00e9nitra\u00bb, rel\u00e8vent les responsables de cette initiative. Ce projet contiendra des espaces d\u00e9di\u00e9s \u00e0 des activit\u00e9s sportives (basket-ball, handball, volleyball, tennis, football en salle, art martial, sport de combat), des espaces pour meeting et conf\u00e9rences et des espaces pour les concerts musicaux. Dans cette perspective, il sera compos\u00e9 de locaux pour les sportifs (avec bien \u00e9videmment des aires d\u2019\u00e9chauffements, des vestiaires, une r\u00e9ception, une salle de conf\u00e9rence de presse, une infirmerie ou encore un local antidopage), des locaux pour les artistes, un espace VIP, un espace m\u00e9dias et presse, et des locaux d\u00e9di\u00e9s au public (boutiques, buvettes, sanitaires). Pour les gradins, les concepteurs du projet pr\u00e9voient des gradins fixes (8000 places extensibles \u00e0 11000 dont 500 VIP) ainsi que des gradins amovibles (2000 places environ). Des places suppl\u00e9mentaires sont \u00e9galement pr\u00e9vues (2000 places environ).<\/p>\n<p><a href=\"https:http:\/\/aujourdhui.ma\/wp-content\/uploads\/2021\/03\/architecture.jpg\"><img decoding=\"async\" loading=\"lazy\" class=\"size-full wp-image-371137 aligncenter\" src=\"http:\/\/aujourdhui.ma\/wp-content\/uploads\/2021\/03\/architecture.jpg\" alt=\"\" width=\"800\" height=\"577\" srcset=\"http:\/\/aujourdhui.ma\/wp-content\/uploads\/2021\/03\/architecture.jpg 800w, \/\/aujourdhui.ma\/wp-content\/uploads\/2021\/03\/architecture-300x216.jpg 300w, \/\/aujourdhui.ma\/wp-content\/uploads\/2021\/03\/architecture-768x554.jpg 768w\" sizes=\"auto, (max-width: 800px) 100vw, 800px\"\/><\/a><\/p>\n<p>Auteur: Ouchagour Leila<br \/>\n<a href=\"https:\/\/aujourdhui.ma\/economie\/avec-une-enveloppe-budgetaire-de-330-mdh-rabat-cherche-designer-pour-sa-future-arena-polyvalente\">Cliquez ici pour lire l&rsquo;article depuis sa source.<\/a><\/p>\n","protected":false},"excerpt":{"rendered":"<p>La ville lumi\u00e8re aura bient\u00f4t une ar\u00e9na moderne. En effet, le minist\u00e8re de la culture, de la jeunesse et des sports et l\u2019Agence nationale des \u00e9quipements publics viennent de lancer le concours architectural pour la r\u00e9alisation d\u2019une ar\u00e9na polyvalente \u00e0 Rabat. Il s\u2019agit d\u2019une salle modulable et polyvalente capable d\u2019accueillir des manifestations sportives ainsi que [&hellip;]<\/p>\n","protected":false},"author":1759,"featured_media":0,"comment_status":"closed","ping_status":"closed","sticky":false,"template":"","format":"standard","meta":{"fifu_image_url":"http:\/\/aujourdhui.ma\/wp-content\/uploads\/2021\/03\/sche\u0301mas-montrent-les-configurations-pour-le-basket-ball-le-tennis-le-handball-le-volleyball.jpg","fifu_image_alt":"Avec une enveloppe budg\u00e9taire de 330 MDH : Rabat cherche designer pour sa future  ar\u00e9na polyvalente","footnotes":""},"categories":[73,54],"tags":[],"class_list":["post-113156","post","type-post","status-publish","format-standard","hentry","category-actualite","category-maroc"],"_links":{"self":[{"href":"https:\/\/linitiative.ca\/International\/wp-json\/wp\/v2\/posts\/113156","targetHints":{"allow":["GET"]}}],"collection":[{"href":"https:\/\/linitiative.ca\/International\/wp-json\/wp\/v2\/posts"}],"about":[{"href":"https:\/\/linitiative.ca\/International\/wp-json\/wp\/v2\/types\/post"}],"author":[{"embeddable":true,"href":"https:\/\/linitiative.ca\/International\/wp-json\/wp\/v2\/users\/1759"}],"replies":[{"embeddable":true,"href":"https:\/\/linitiative.ca\/International\/wp-json\/wp\/v2\/comments?post=113156"}],"version-history":[{"count":0,"href":"https:\/\/linitiative.ca\/International\/wp-json\/wp\/v2\/posts\/113156\/revisions"}],"wp:attachment":[{"href":"https:\/\/linitiative.ca\/International\/wp-json\/wp\/v2\/media?parent=113156"}],"wp:term":[{"taxonomy":"category","embeddable":true,"href":"https:\/\/linitiative.ca\/International\/wp-json\/wp\/v2\/categories?post=113156"},{"taxonomy":"post_tag","embeddable":true,"href":"https:\/\/linitiative.ca\/International\/wp-json\/wp\/v2\/tags?post=113156"}],"curies":[{"name":"wp","href":"https:\/\/api.w.org\/{rel}","templated":true}]}}