{"id":113157,"date":"2021-03-16T07:40:14","date_gmt":"2021-03-16T11:40:14","guid":{"rendered":"https:\/\/linitiative.ca\/International\/developpement-personnel-le-cercle-des-diamants-organise-son-premier-congres-international-en-ligne\/"},"modified":"2021-03-16T07:40:14","modified_gmt":"2021-03-16T11:40:14","slug":"developpement-personnel-le-cercle-des-diamants-organise-son-premier-congres-international-en-ligne","status":"publish","type":"post","link":"https:\/\/linitiative.ca\/International\/developpement-personnel-le-cercle-des-diamants-organise-son-premier-congres-international-en-ligne\/","title":{"rendered":"D\u00e9veloppement personnel : \u00abLe Cercle des Diamants\u00bb organise son premier congr\u00e8s international en ligne"},"content":{"rendered":"<figure class=\"post-thumbnail\" itemprop=\"associatedMedia\" itemscope=\"itemscope\" itemtype=\"http:\/\/schema.org\/ImageObject\"><img decoding=\"async\" class=\"post_layout_5_img\" src=\"http:\/\/aujourdhui.ma\/wp-content\/uploads\/2021\/03\/Le-Cercle-Des-Diamants.jpg\" alt=\"D\u00e9veloppement personnel : \u00abLe Cercle des Diamants\u00bb organise son premier congr\u00e8s international en ligne\"\/><\/figure>\n<p><span class=\"c5\"><strong>L\u2019Association \u00abCercle des Diamants\u00bb organise le 1er congr\u00e8s international en ligne du d\u00e9veloppement personnel et professionnel et ce du 17 au 20 mars 2021.<\/strong><\/span><span id=\"more-371150\"\/><\/p>\n<p>Sous la th\u00e9matique au c\u0153ur des pr\u00e9occupations actuelles \u00abTransformons notre pr\u00e9sent\u00bb, le congr\u00e8s se veut un \u00e9v\u00e9nement novateur et f\u00e9d\u00e9rateur, un rendez-vous in\u00e9dit qui regroupe des experts internationaux de 1er rang et une communaut\u00e9 tr\u00e8s qualifi\u00e9e plac\u00e9e au centre d\u2019int\u00e9r\u00eat. \u00abCet \u00e9v\u00e9nement a pour but de cultiver l\u2019optimisme, inspirer la reconstitution profitable, nourrir la conscience et l\u2019audace de la r\u00e9invention, promouvoir l\u2019opportunit\u00e9 du changement positif durable et amorcer la transformation du pr\u00e9sent pour un meilleur impact sur le futur\u00bb, indiquent les organisateurs. Et d\u2019ajouter que \u00abcette initiative vient couronner un chemin initi\u00e9, en mars 2020, par une action citoyenne dont le but \u00e9tait d\u2019amorcer, avec le d\u00e9but du confinement sanitaire du Covid-19, une s\u00e9rie de webinaires gratuits en ligne articul\u00e9s autour du management, du leadership et du d\u00e9veloppement personnel et professionnel\u00bb. A cet effet, l\u2019\u00e9v\u00e8nement propose quatre conf\u00e9rences et une table ronde.<\/p>\n<p>Elles seront anim\u00e9es par dix speakers nationaux et internationaux des plus r\u00e9put\u00e9s, \u00e0 l\u2019instar de Thomas d\u2019Ansembourg, Olivier Clerc, Laurent Gounelle, Hassan Charraf, Ian Dawson ou Meena Compagnon. Pour rappel, \u00abCercle des diamants\u00bb est une association regroupant des praticiens bien s\u00e9lectionn\u00e9s en d\u00e9veloppement personnel et professionnel, ainsi que des personnes d\u00e9sirant motiver, inspirer et impacter pour contribuer au succ\u00e8s de ceux qui veulent changer le cours de leur devenir. N\u00e9e d\u2019une initiative citoyenne, cette association aspire \u00e0 devenir une association \u00e0 vocation humaniste et \u00e9ducative de r\u00e9f\u00e9rence, \u00e0 l\u2019\u00e9chelle nationale et internationale. Son but est de faciliter l\u2019apprentissage et l\u2019appropriation d\u2019outils de d\u00e9veloppement personnel et professionnel, ainsi que de promouvoir le savoir-\u00eatre et le leadership dans l\u2019\u00e9cosyst\u00e8me \u00e9ducatif, entrepreneurial et soci\u00e9tal au Maroc.<\/p>\n<p>Elle a pu ainsi tenir un total de 118 conf\u00e9rences digitales, anim\u00e9es par plus de 40 invit\u00e9s nationaux et internationaux de renom et suivies en direct ou en rediffusion par une large audience sur diff\u00e9rents canaux de communication.<\/p>\n<p>Auteur: ALM<br \/>\n<a href=\"https:\/\/aujourdhui.ma\/emploi\/formation\/developpement-personnel-le-cercle-des-diamants-organise-son-premier-congres-international-en-ligne\">Cliquez ici pour lire l&rsquo;article depuis sa source.<\/a><\/p>\n","protected":false},"excerpt":{"rendered":"<p>L\u2019Association \u00abCercle des Diamants\u00bb organise le 1er congr\u00e8s international en ligne du d\u00e9veloppement personnel et professionnel et ce du 17 au 20 mars 2021. Sous la th\u00e9matique au c\u0153ur des pr\u00e9occupations actuelles \u00abTransformons notre pr\u00e9sent\u00bb, le congr\u00e8s se veut un \u00e9v\u00e9nement novateur et f\u00e9d\u00e9rateur, un rendez-vous in\u00e9dit qui regroupe des experts internationaux de 1er rang [&hellip;]<\/p>\n","protected":false},"author":1759,"featured_media":0,"comment_status":"closed","ping_status":"closed","sticky":false,"template":"","format":"standard","meta":{"fifu_image_url":"http:\/\/aujourdhui.ma\/wp-content\/uploads\/2021\/03\/Le-Cercle-Des-Diamants.jpg","fifu_image_alt":"D\u00e9veloppement personnel : \u00abLe Cercle des Diamants\u00bb organise son premier congr\u00e8s international en ligne","footnotes":""},"categories":[73,54],"tags":[],"class_list":["post-113157","post","type-post","status-publish","format-standard","hentry","category-actualite","category-maroc"],"_links":{"self":[{"href":"https:\/\/linitiative.ca\/International\/wp-json\/wp\/v2\/posts\/113157","targetHints":{"allow":["GET"]}}],"collection":[{"href":"https:\/\/linitiative.ca\/International\/wp-json\/wp\/v2\/posts"}],"about":[{"href":"https:\/\/linitiative.ca\/International\/wp-json\/wp\/v2\/types\/post"}],"author":[{"embeddable":true,"href":"https:\/\/linitiative.ca\/International\/wp-json\/wp\/v2\/users\/1759"}],"replies":[{"embeddable":true,"href":"https:\/\/linitiative.ca\/International\/wp-json\/wp\/v2\/comments?post=113157"}],"version-history":[{"count":0,"href":"https:\/\/linitiative.ca\/International\/wp-json\/wp\/v2\/posts\/113157\/revisions"}],"wp:attachment":[{"href":"https:\/\/linitiative.ca\/International\/wp-json\/wp\/v2\/media?parent=113157"}],"wp:term":[{"taxonomy":"category","embeddable":true,"href":"https:\/\/linitiative.ca\/International\/wp-json\/wp\/v2\/categories?post=113157"},{"taxonomy":"post_tag","embeddable":true,"href":"https:\/\/linitiative.ca\/International\/wp-json\/wp\/v2\/tags?post=113157"}],"curies":[{"name":"wp","href":"https:\/\/api.w.org\/{rel}","templated":true}]}}