{"id":113158,"date":"2021-03-16T08:20:42","date_gmt":"2021-03-16T12:20:42","guid":{"rendered":"https:\/\/linitiative.ca\/International\/raid-sahraouiya-les-athenas-remportent-la-premiere-etape-de-la-competition\/"},"modified":"2021-03-16T08:20:42","modified_gmt":"2021-03-16T12:20:42","slug":"raid-sahraouiya-les-athenas-remportent-la-premiere-etape-de-la-competition","status":"publish","type":"post","link":"https:\/\/linitiative.ca\/International\/raid-sahraouiya-les-athenas-remportent-la-premiere-etape-de-la-competition\/","title":{"rendered":"Raid Sahraouiya : \u00abLes Athenas\u00bb remportent la premi\u00e8re \u00e9tape de la comp\u00e9tition"},"content":{"rendered":"<figure class=\"post-thumbnail\" itemprop=\"associatedMedia\" itemscope=\"itemscope\" itemtype=\"http:\/\/schema.org\/ImageObject\"><img decoding=\"async\" class=\"post_layout_5_img\" src=\"http:\/\/aujourdhui.ma\/wp-content\/uploads\/2021\/03\/Raid-Sahraouiya-2.jpg\" alt=\"Raid Sahraouiya : \u00abLes Athenas\u00bb remportent la premi\u00e8re \u00e9tape de la comp\u00e9tition\"\/><\/figure>\n<p><span class=\"c5\"><strong>L\u2019\u00e9quipe marocaine \u00abLes Athenas\u00bb compos\u00e9e de Sanae Legsayer et Yousra Khayati a remport\u00e9 dimanche la premi\u00e8re \u00e9tape du raid solidaire f\u00e9minin \u00abSahraouiya\u00bb, organis\u00e9 du 13 au 20 mars \u00e0 Dakhla, sous le Haut patronage de SM le Roi Mohammed VI.<\/strong><\/span><\/p>\n<p><span id=\"more-371153\"\/><br \/>Les \u00e9preuves de cette premi\u00e8re \u00e9tape ont commenc\u00e9 par un parcours en VTT de 10 km, puis un boot camp \u00e0 la dune blanche, suivi d\u2019un second parcours en VTT de 10 km, avant de finir par un trail de nuit de 8 km. Sanae et Yousra, deux jeunes mamans, sont r\u00e9unies cette ann\u00e9e pour le challenge Sahraouiya en vue de se battre en faveur du \u00abComit\u00e9 SSF\u00bb pour une cause qui leur est tr\u00e8s ch\u00e8re : La scolarisation des jeunes filles en particulier en milieu rural.<br \/>Les objectifs du comit\u00e9 sont de contribuer \u00e0 lutter contre l\u2019abandon et la d\u00e9perdition scolaires des filles dans le monde rural, en plus de soutenir et d\u2019initier des actions visant \u00e0 am\u00e9liorer les conditions quantitatives et qualitatives de l\u2019offre \u00e9ducative.<\/p>\n<p>Dans une d\u00e9claration \u00e0 la MAP, elles ont affirm\u00e9 que Sahraouiya est un \u00e9v\u00e9nement extraordinaire qui pousse au d\u00e9passement de soi et qui prouve, \u00e0 travers le sport, qu\u2019il y a toujours moyen de se surpasser. \u00abNous sommes tr\u00e8s fi\u00e8res d\u2019arriver premi\u00e8res\u00bb, se sont-elles r\u00e9jouies, assurant qu\u2019elles sont venues \u00e0 Dakhla pour se battre et donner le meilleur d\u2019elles-m\u00eames.<br \/>La deuxi\u00e8me place est \u00e0 mettre \u00e0 l\u2019actif de l\u2019\u00e9quipe \u00abZemzamiyat\u00bb compos\u00e9e de Soukaina Hammame et Kebira El Gmiri, de la ville de La\u00e2youne, qui repr\u00e9sentent l\u2019association \u00abLagon Dakhla\u00bb, qui veille \u00e0 promouvoir la place de la femme marocaine et sahraouie dans le domaine sportif.<\/p>\n<p>De leurs c\u00f4t\u00e9s, elles ont exprim\u00e9 leur fiert\u00e9 d\u2019arriver en 2\u00e8me position compte tenu de la difficult\u00e9 des \u00e9preuves, tout en formulant le v\u0153u de mieux repr\u00e9senter leur association lors des prochaines \u00e9tapes.<br \/>Par ailleurs, les \u00abGirls and roses\u00bb de Assia Faraoui Santana et Karine Blanchard sont arriv\u00e9es troisi\u00e8mes. Le bin\u00f4me repr\u00e9sente \u00abLes amis du Ruban rose\u00bb, une association vou\u00e9e \u00e0 la sensibilisation au cancer du sein.<\/p>\n<p>Organis\u00e9 par l\u2019association \u00abLagon Dakhla pour le d\u00e9veloppement du sport et l\u2019animation culturelle\u00bb et le groupe Dakhla Attitude, ce challenge sportif 100% f\u00e9minin r\u00e9unit pour cette 7\u00e8 \u00e9dition des \u00e9quipes de diff\u00e9rentes r\u00e9gions du Maroc, mais \u00e9galement du continent africain et d\u2019Europe.<\/p>\n<p><a href=\"https:http:\/\/aujourdhui.ma\/wp-content\/uploads\/2021\/03\/Raid-Sahraouiya-3.jpg\"><img decoding=\"async\" loading=\"lazy\" class=\"alignnone size-full wp-image-371156\" src=\"http:\/\/aujourdhui.ma\/wp-content\/uploads\/2021\/03\/Raid-Sahraouiya-3.jpg\" alt=\"\" width=\"746\" height=\"380\" srcset=\"http:\/\/aujourdhui.ma\/wp-content\/uploads\/2021\/03\/Raid-Sahraouiya-3.jpg 746w, \/\/aujourdhui.ma\/wp-content\/uploads\/2021\/03\/Raid-Sahraouiya-3-300x153.jpg 300w, \/\/aujourdhui.ma\/wp-content\/uploads\/2021\/03\/Raid-Sahraouiya-3-274x140.jpg 274w, \/\/aujourdhui.ma\/wp-content\/uploads\/2021\/03\/Raid-Sahraouiya-3-165x84.jpg 165w, \/\/aujourdhui.ma\/wp-content\/uploads\/2021\/03\/Raid-Sahraouiya-3-702x358.jpg 702w\" sizes=\"auto, (max-width: 746px) 100vw, 746px\"\/><\/a> <a href=\"https:http:\/\/aujourdhui.ma\/wp-content\/uploads\/2021\/03\/Raid-Sahraouiya-33.jpg\"><img decoding=\"async\" loading=\"lazy\" class=\"alignnone size-full wp-image-371157\" src=\"http:\/\/aujourdhui.ma\/wp-content\/uploads\/2021\/03\/Raid-Sahraouiya-33.jpg\" alt=\"\" width=\"746\" height=\"380\" srcset=\"http:\/\/aujourdhui.ma\/wp-content\/uploads\/2021\/03\/Raid-Sahraouiya-33.jpg 746w, \/\/aujourdhui.ma\/wp-content\/uploads\/2021\/03\/Raid-Sahraouiya-33-300x153.jpg 300w, \/\/aujourdhui.ma\/wp-content\/uploads\/2021\/03\/Raid-Sahraouiya-33-274x140.jpg 274w, \/\/aujourdhui.ma\/wp-content\/uploads\/2021\/03\/Raid-Sahraouiya-33-165x84.jpg 165w, \/\/aujourdhui.ma\/wp-content\/uploads\/2021\/03\/Raid-Sahraouiya-33-702x358.jpg 702w\" sizes=\"auto, (max-width: 746px) 100vw, 746px\"\/><\/a> <a href=\"https:http:\/\/aujourdhui.ma\/wp-content\/uploads\/2021\/03\/Raid-Sahraouiya-1.jpg\"><img decoding=\"async\" loading=\"lazy\" class=\"alignnone size-full wp-image-371154\" src=\"http:\/\/aujourdhui.ma\/wp-content\/uploads\/2021\/03\/Raid-Sahraouiya-1.jpg\" alt=\"\" width=\"746\" height=\"380\" srcset=\"http:\/\/aujourdhui.ma\/wp-content\/uploads\/2021\/03\/Raid-Sahraouiya-1.jpg 746w, \/\/aujourdhui.ma\/wp-content\/uploads\/2021\/03\/Raid-Sahraouiya-1-300x153.jpg 300w, \/\/aujourdhui.ma\/wp-content\/uploads\/2021\/03\/Raid-Sahraouiya-1-274x140.jpg 274w, \/\/aujourdhui.ma\/wp-content\/uploads\/2021\/03\/Raid-Sahraouiya-1-165x84.jpg 165w, \/\/aujourdhui.ma\/wp-content\/uploads\/2021\/03\/Raid-Sahraouiya-1-702x358.jpg 702w\" sizes=\"auto, (max-width: 746px) 100vw, 746px\"\/><\/a><\/p>\n<p>Auteur: ALM<br \/>\n<a href=\"https:\/\/aujourdhui.ma\/une\/raid-sahraouiya-les-athenas-remportent-la-premiere-etape-de-la-competition\">Cliquez ici pour lire l&rsquo;article depuis sa source.<\/a><\/p>\n","protected":false},"excerpt":{"rendered":"<p>L\u2019\u00e9quipe marocaine \u00abLes Athenas\u00bb compos\u00e9e de Sanae Legsayer et Yousra Khayati a remport\u00e9 dimanche la premi\u00e8re \u00e9tape du raid solidaire f\u00e9minin \u00abSahraouiya\u00bb, organis\u00e9 du 13 au 20 mars \u00e0 Dakhla, sous le Haut patronage de SM le Roi Mohammed VI. Les \u00e9preuves de cette premi\u00e8re \u00e9tape ont commenc\u00e9 par un parcours en VTT de 10 [&hellip;]<\/p>\n","protected":false},"author":1759,"featured_media":0,"comment_status":"closed","ping_status":"closed","sticky":false,"template":"","format":"standard","meta":{"fifu_image_url":"http:\/\/aujourdhui.ma\/wp-content\/uploads\/2021\/03\/Raid-Sahraouiya-2.jpg","fifu_image_alt":"Raid Sahraouiya : \u00abLes Athenas\u00bb remportent la premi\u00e8re \u00e9tape de la comp\u00e9tition","footnotes":""},"categories":[73,54],"tags":[],"class_list":["post-113158","post","type-post","status-publish","format-standard","hentry","category-actualite","category-maroc"],"_links":{"self":[{"href":"https:\/\/linitiative.ca\/International\/wp-json\/wp\/v2\/posts\/113158","targetHints":{"allow":["GET"]}}],"collection":[{"href":"https:\/\/linitiative.ca\/International\/wp-json\/wp\/v2\/posts"}],"about":[{"href":"https:\/\/linitiative.ca\/International\/wp-json\/wp\/v2\/types\/post"}],"author":[{"embeddable":true,"href":"https:\/\/linitiative.ca\/International\/wp-json\/wp\/v2\/users\/1759"}],"replies":[{"embeddable":true,"href":"https:\/\/linitiative.ca\/International\/wp-json\/wp\/v2\/comments?post=113158"}],"version-history":[{"count":0,"href":"https:\/\/linitiative.ca\/International\/wp-json\/wp\/v2\/posts\/113158\/revisions"}],"wp:attachment":[{"href":"https:\/\/linitiative.ca\/International\/wp-json\/wp\/v2\/media?parent=113158"}],"wp:term":[{"taxonomy":"category","embeddable":true,"href":"https:\/\/linitiative.ca\/International\/wp-json\/wp\/v2\/categories?post=113158"},{"taxonomy":"post_tag","embeddable":true,"href":"https:\/\/linitiative.ca\/International\/wp-json\/wp\/v2\/tags?post=113158"}],"curies":[{"name":"wp","href":"https:\/\/api.w.org\/{rel}","templated":true}]}}