{"id":113159,"date":"2021-03-16T10:45:25","date_gmt":"2021-03-16T14:45:25","guid":{"rendered":"https:\/\/linitiative.ca\/International\/une-sage-femme-mise-sous-les-verrous-a-marrakech\/"},"modified":"2021-03-16T10:45:25","modified_gmt":"2021-03-16T14:45:25","slug":"une-sage-femme-mise-sous-les-verrous-a-marrakech","status":"publish","type":"post","link":"https:\/\/linitiative.ca\/International\/une-sage-femme-mise-sous-les-verrous-a-marrakech\/","title":{"rendered":"Une sage-femme mise sous  les verrous \u00e0 Marrakech"},"content":{"rendered":"<header>\n<\/header>\n<div class=\"entry-content clearfix\" readability=\"54\">\n<figure class=\"post-thumbnail\" itemprop=\"associatedMedia\" itemscope=\"itemscope\" itemtype=\"http:\/\/schema.org\/ImageObject\"><img decoding=\"async\" class=\"post_layout_5_img\" src=\"http:\/\/aujourdhui.ma\/wp-content\/uploads\/2018\/04\/sages-femmes-au-Maroc.jpg\" alt=\"Une sage-femme mise sous les verrous \u00e0 Marrakech\"\/><\/figure>\n<p><span class=\"c5\"><strong>Pour avortement ill\u00e9gal ayant entra\u00een\u00e9 la mort d\u2019une \u00e9tudiante<\/strong><\/span><span id=\"more-371176\"\/><\/p>\n<p>Impliqu\u00e9e dans une affaire d\u2019avortement ill\u00e9gal, \u00e0 Marrakech, ayant entra\u00een\u00e9 la mort d\u2019une \u00e9tudiante universitaire, une sage-femme a \u00e9t\u00e9 arr\u00eat\u00e9e, vendredi dernier, par les \u00e9l\u00e9ments de la police judiciaire. Etant tomb\u00e9e enceinte suite \u00e0 une relation amoureuse avec un jeune homme, \u00e9galement \u00e9tudiant universitaire, la victime, originaire de Safi, s\u2019est rendue au mois de f\u00e9vrier dernier chez la sage-femme en cause pour lui demander de l\u2019aider \u00e0 se d\u00e9barrasser du f\u0153tus. Contre une somme d\u2019argent, la sage-femme lui a donn\u00e9 un produit \u00e0 base de plantes naturelles qu\u2019elle devait avaler. Malheureusement, l\u2019\u00e9tudiante universitaire a rendu l\u2019\u00e2me suite \u00e0 un empoisonnement caus\u00e9 par le produit qu\u2019elle avait aval\u00e9. En apprenant la mauvaise nouvelle, la sage-femme a disparu pour ne r\u00e9appara\u00eetre que trois semaines plus tard. Elle a \u00e9t\u00e9 arr\u00eat\u00e9e, chez elle, \u00e0 Derb Sidi Messaoud, \u00e0 Bab Doukkala, \u00e0 Marrakech. Quant \u00e0 l\u2019amant de la d\u00e9funte, il a \u00e9t\u00e9 \u00e9galement arr\u00eat\u00e9.<\/p>\n<\/div>\n<p>Auteur: Abderrafii ALOUMLIKI<br \/>\n<a href=\"https:\/\/aujourdhui.ma\/faits-divers\/une-sage-femme-mise-sous-les-verrous-a-marrakech\">Cliquez ici pour lire l&rsquo;article depuis sa source.<\/a><\/p>\n","protected":false},"excerpt":{"rendered":"<p>Pour avortement ill\u00e9gal ayant entra\u00een\u00e9 la mort d\u2019une \u00e9tudiante Impliqu\u00e9e dans une affaire d\u2019avortement ill\u00e9gal, \u00e0 Marrakech, ayant entra\u00een\u00e9 la mort d\u2019une \u00e9tudiante universitaire, une sage-femme a \u00e9t\u00e9 arr\u00eat\u00e9e, vendredi dernier, par les \u00e9l\u00e9ments de la police judiciaire. Etant tomb\u00e9e enceinte suite \u00e0 une relation amoureuse avec un jeune homme, \u00e9galement \u00e9tudiant universitaire, la victime, [&hellip;]<\/p>\n","protected":false},"author":1759,"featured_media":0,"comment_status":"closed","ping_status":"closed","sticky":false,"template":"","format":"standard","meta":{"fifu_image_url":"http:\/\/aujourdhui.ma\/wp-content\/uploads\/2018\/04\/sages-femmes-au-Maroc.jpg","fifu_image_alt":"Une sage-femme mise sous  les verrous \u00e0 Marrakech","footnotes":""},"categories":[73,54],"tags":[],"class_list":["post-113159","post","type-post","status-publish","format-standard","hentry","category-actualite","category-maroc"],"_links":{"self":[{"href":"https:\/\/linitiative.ca\/International\/wp-json\/wp\/v2\/posts\/113159","targetHints":{"allow":["GET"]}}],"collection":[{"href":"https:\/\/linitiative.ca\/International\/wp-json\/wp\/v2\/posts"}],"about":[{"href":"https:\/\/linitiative.ca\/International\/wp-json\/wp\/v2\/types\/post"}],"author":[{"embeddable":true,"href":"https:\/\/linitiative.ca\/International\/wp-json\/wp\/v2\/users\/1759"}],"replies":[{"embeddable":true,"href":"https:\/\/linitiative.ca\/International\/wp-json\/wp\/v2\/comments?post=113159"}],"version-history":[{"count":0,"href":"https:\/\/linitiative.ca\/International\/wp-json\/wp\/v2\/posts\/113159\/revisions"}],"wp:attachment":[{"href":"https:\/\/linitiative.ca\/International\/wp-json\/wp\/v2\/media?parent=113159"}],"wp:term":[{"taxonomy":"category","embeddable":true,"href":"https:\/\/linitiative.ca\/International\/wp-json\/wp\/v2\/categories?post=113159"},{"taxonomy":"post_tag","embeddable":true,"href":"https:\/\/linitiative.ca\/International\/wp-json\/wp\/v2\/tags?post=113159"}],"curies":[{"name":"wp","href":"https:\/\/api.w.org\/{rel}","templated":true}]}}